{"id":7959,"date":"2021-10-29T09:00:00","date_gmt":"2021-10-29T12:00:00","guid":{"rendered":"http:\/\/latinoamerica21.com\/?p=7959"},"modified":"2021-10-29T04:57:45","modified_gmt":"2021-10-29T07:57:45","slug":"obrador-e-as-liderancas-do-progressismo-latino-americano","status":"publish","type":"post","link":"https:\/\/latinoamerica21.com\/pt-br\/obrador-e-as-liderancas-do-progressismo-latino-americano\/","title":{"rendered":"Obrador e as lideran\u00e7as do progressismo latino-americano"},"content":{"rendered":"\n<p>A vit\u00f3ria de Andr\u00e9s Manuel L\u00f3pez Obrador em 2018 foi um respiro para a esquerda na Am\u00e9rica Latina; sua vit\u00f3ria preencheu o vazio deixado pelas lideran\u00e7as do progressismo latino-americano. Entretanto, o presidente mexicano dedicou os tr\u00eas primeiros anos de sua administra\u00e7\u00e3o quase exclusivamente \u00e0 pol\u00edtica interna, e foi somente em meados deste ano que ele decidiu dar <a href=\"http:\/\/latinoamerica21.com\/br\/o-mexico-promove-um-novo-modelo-de-integracao-nas-americas\/\" target=\"_blank\" rel=\"noreferrer noopener\">um passo \u00e0 frente na regi\u00e3o<\/a>.<\/p>\n\n\n\n<p>Desde a campanha eleitoral de 2006, foram feitas tentativas no M\u00e9xico para vincular L\u00f3pez Obrador ao socialismo do s\u00e9culo XXI. Mas acredito que n\u00e3o h\u00e1 proximidade com os governos da <em>mar\u00e9 rosa<\/em>; al\u00e9m disso, o pr\u00f3prio Obrador se distancia das lideran\u00e7as da esquerda latino-americana e s\u00f3 reconhece Fidel Castro.<\/p>\n\n\n\n<p><strong>Cr\u00edticas \u00e0s lideran\u00e7as progressistas<\/strong><\/p>\n\n\n\n<p>Em seu \u00faltimo <a href=\"https:\/\/www.elfinanciero.com.mx\/nacional\/2021\/08\/30\/amlo-presenta-su-libro-a-la-mitad-del-camino-lo-recomienda-a-sus-adversarios\/\" target=\"_blank\" rel=\"noreferrer noopener\">livro, <em>A la mitad del camino<\/em><\/a>, publicado em setembro de 2021, o chefe do executivo mexicano aborda a polemica rela\u00e7\u00e3o bilateral com Donald Trump e a miss\u00e3o que resgatou o ex-presidente Evo Morales. Nesta se\u00e7\u00e3o do segundo cap\u00edtulo, <em>El respeto al derecho ajeno es la paz<\/em> (O respeito aos direitos dos outros \u00e9 a paz), L\u00f3pez Obrador critica os l\u00edderes progressistas.<\/p>\n\n\n\n<p>Entre outras coisas, ele reconhece o governo de Evo Morales, mas indica que os dirigentes do \u201c<em>Movimiento al Socialismo<\/em> <em>(MAS) cometeram erros, pois n\u00e3o deveriam ter insistido tantas vezes na reelei\u00e7\u00e3o; um dirigente n\u00e3o deve, em nenhuma circunst\u00e2ncia, professar apego excessivo ao poder<\/em>\u201d. E ao contr\u00e1rio do que aconteceu na Bol\u00edvia, Obrador salienta que a pol\u00edtica externa mexicana \u201c<em>n\u00e3o \u00e9 motivada por ideologias, mas pelos princ\u00edpios de justi\u00e7a, igualdade, liberdade, democracia, soberania e fraternidade<\/em>\u201d.<\/p>\n\n\n\n<p>AMLO tamb\u00e9m d\u00e1 pistas no livro sobre um certo ressentimento em rela\u00e7\u00e3o a alguns l\u00edderes latino-americanos de esquerda daquela \u00e9poca. Ressalta que, \u201c<em>quando \u00e9ramos a oposi\u00e7\u00e3o no M\u00e9xico, a atitude de Evo, como a de quase todos os l\u00edderes de esquerda na Am\u00e9rica Latina, n\u00e3o era exatamente amig\u00e1vel<\/em>\u201d. L\u00f3pez Obrador lembra o distanciamento e que quando eles visitavam os diferentes pa\u00edses \u201c<em>eles nem sequer nos dedicaram um telefonema, e coisas mais desagrad\u00e1veis e profundas. No tratamento que nos deram na \u00e9poca, somente o Comandante Fidel Castro Ruz se destacou por sua atitude de apoio<\/em>\u201d.<\/p>\n\n\n\n<p>Em seu relato, L\u00f3pez Obrador considera Fidel como um \u201cgigante da regi\u00e3o\u201d. Em contraste, ele n\u00e3o dedica uma \u00fanica palavra a Lula, Mujica, Ch\u00e1vez, Correa ou aos Kirchners. Ele \u00e9 frio, indiferente e distante em rela\u00e7\u00e3o ao progressismo latino-americano. Ideologicamente, o presidente mexicano est\u00e1 distante da revolu\u00e7\u00e3o bolivariana; suas refer\u00eancias s\u00e3o Benito Ju\u00e1rez e L\u00e1zaro C\u00e1rdenas, para que possamos coloc\u00e1-lo mais pr\u00f3ximo do nacionalismo\/revolucion\u00e1rio do Partido Revolucion\u00e1rio Institucional, onde teve sua primeira forma\u00e7\u00e3o pol\u00edtica.<\/p>\n\n\n\n<p>O presidente mexicano n\u00e3o visitou nenhum presidente latino-americano. Pragmaticamente, ele os recebe no Pal\u00e1cio Nacional ou os convida para um evento comemorativo, de Luis Arce da Bol\u00edvia a Guillermo Lasso do Equador, justificando isso com base nos princ\u00edpios constitucionais da pol\u00edtica externa mexicana.<\/p>\n\n\n\n<p>Por outro lado, para a celebra\u00e7\u00e3o do bicenten\u00e1rio da independ\u00eancia do M\u00e9xico, o chefe de Estado cubano foi convidado como orador, o que provocou cr\u00edticas por parte da imprensa e do p\u00fablico pela aproxima\u00e7\u00e3o desnecess\u00e1ria com um regime autorit\u00e1rio. Uma coisa \u00e9 receber todos os l\u00edderes da regi\u00e3o em uma c\u00fapula, mas outra bem diferente \u00e9 dar a Miguel D\u00edaz-Canel um protagonismo, o que foi entendido como apoio p\u00fablico ao regime cubano.<\/p>\n\n\n\n<p><strong>O reposicionamento do M\u00e9xico na regi\u00e3o<\/strong><\/p>\n\n\n\n<p>A recente aproxima\u00e7\u00e3o do M\u00e9xico com os l\u00edderes latino-americanos se deu atrav\u00e9s do Ministro das Rela\u00e7\u00f5es Exteriores Marcelo Ebrard. Nesta nova etapa, o governo mexicano est\u00e1 tentando construir um novo eixo que vai da Terra do Fogo ao Rio Bravo, promovido pela harmonia entre Alberto Fern\u00e1ndez da Argentina e L\u00f3pez Obrador. Neste contexto, os dois pa\u00edses est\u00e3o promovendo a distribui\u00e7\u00e3o de vacinas gratuitas contra a COVID-19.<\/p>\n\n\n\n<p>Ebrard reativou a Comunidade dos Estados da Am\u00e9rica Latina e Caribe (CELAC) como alternativa \u00e0 Organiza\u00e7\u00e3o dos Estados Americanos (OEA), e precisamente na \u00faltima c\u00fapula, L\u00f3pez Obrador tentou assumir a lideran\u00e7a da Am\u00e9rica Latina com resultados contrastantes.<\/p>\n\n\n\n<p>A segunda etapa da administra\u00e7\u00e3o de Obrador \u00e9 uma inc\u00f3gnita. Ainda \u00e9 dif\u00edcil ler se ele est\u00e1 realmente procurando se consolidar como l\u00edder latino-americano ou se vai ceder o espa\u00e7o a outro presidente. Neste sentido, o pr\u00f3ximo ciclo eleitoral tamb\u00e9m pode ter influ\u00eancia, j\u00e1 que novos l\u00edderes de esquerda no Chile, Col\u00f4mbia e Brasil poderiam ser acrescentados at\u00e9 2022, iniciando outro ciclo progressista na Am\u00e9rica Latina.<\/p>\n\n\n\n<p><a><\/a>Em conclus\u00e3o, podemos salientar que o presidente do M\u00e9xico se distanciou claramente das lideran\u00e7as de esquerda da mar\u00e9 rosa e que nesta nova etapa sua inten\u00e7\u00e3o de liderar a regi\u00e3o \u00e9 incerta. A quest\u00e3o \u00e9 se ele realmente tem uma voca\u00e7\u00e3o latino-americana ou se seu objetivo \u00e9 buscar retornos na pol\u00edtica interna mexicana.<\/p>\n\n\n\n<p><em><sub>*Tradu\u00e7\u00e3o do espanhol por Maria Isabel Santos Lima<\/sub><\/em><\/p>\n\n\n\n<p><em><sub>Foto da Casa Rosada, Argentina<\/sub><\/em><\/p>\n","protected":false},"excerpt":{"rendered":"<p>O triunfo de L\u00f3pez Obrador em 2018 foi uma lufada de ar fresco para a esquerda na Am\u00e9rica Latina; sua vit\u00f3ria preencheu o v\u00e1cuo deixado pelas lideran\u00e7as do progressivismo latino-americano. Entretanto, foi somente em meados deste ano que ele decidiu dar um passo \u00e0 frente na regi\u00e3o.<\/p>\n","protected":false},"author":281,"featured_media":7955,"comment_status":"closed","ping_status":"closed","sticky":false,"template":"","format":"standard","meta":{"_acf_changed":false,"episode_type":"","audio_file":"","cover_image":"","cover_image_id":"","duration":"","filesize":"","filesize_raw":"","date_recorded":"","explicit":"","block":"","itunes_episode_number":"","itunes_title":"","itunes_season_number":"","itunes_episode_type":"","footnotes":""},"categories":[16706,544],"tags":[],"gps":[],"class_list":{"0":"post-7959","1":"post","2":"type-post","3":"status-publish","4":"format-standard","5":"has-post-thumbnail","7":"category-mexico-pt-br","8":"category-politica-br"},"acf":[],"_links":{"self":[{"href":"https:\/\/latinoamerica21.com\/pt-br\/wp-json\/wp\/v2\/posts\/7959","targetHints":{"allow":["GET"]}}],"collection":[{"href":"https:\/\/latinoamerica21.com\/pt-br\/wp-json\/wp\/v2\/posts"}],"about":[{"href":"https:\/\/latinoamerica21.com\/pt-br\/wp-json\/wp\/v2\/types\/post"}],"author":[{"embeddable":true,"href":"https:\/\/latinoamerica21.com\/pt-br\/wp-json\/wp\/v2\/users\/281"}],"replies":[{"embeddable":true,"href":"https:\/\/latinoamerica21.com\/pt-br\/wp-json\/wp\/v2\/comments?post=7959"}],"version-history":[{"count":0,"href":"https:\/\/latinoamerica21.com\/pt-br\/wp-json\/wp\/v2\/posts\/7959\/revisions"}],"wp:featuredmedia":[{"embeddable":true,"href":"https:\/\/latinoamerica21.com\/pt-br\/wp-json\/wp\/v2\/media\/7955"}],"wp:attachment":[{"href":"https:\/\/latinoamerica21.com\/pt-br\/wp-json\/wp\/v2\/media?parent=7959"}],"wp:term":[{"taxonomy":"category","embeddable":true,"href":"https:\/\/latinoamerica21.com\/pt-br\/wp-json\/wp\/v2\/categories?post=7959"},{"taxonomy":"post_tag","embeddable":true,"href":"https:\/\/latinoamerica21.com\/pt-br\/wp-json\/wp\/v2\/tags?post=7959"},{"taxonomy":"gps","embeddable":true,"href":"https:\/\/latinoamerica21.com\/pt-br\/wp-json\/wp\/v2\/gps?post=7959"}],"curies":[{"name":"wp","href":"https:\/\/api.w.org\/{rel}","templated":true}]}}