{"id":8070,"date":"2021-11-07T05:00:00","date_gmt":"2021-11-07T08:00:00","guid":{"rendered":"http:\/\/latinoamerica21.com\/?p=8070"},"modified":"2021-11-06T21:19:58","modified_gmt":"2021-11-07T00:19:58","slug":"cinco-eleicoes-em-um-mes","status":"publish","type":"post","link":"https:\/\/latinoamerica21.com\/pt-br\/cinco-eleicoes-em-um-mes\/","title":{"rendered":"Cinco elei\u00e7\u00f5es em um m\u00eas"},"content":{"rendered":"\n<p><strong><em>Co-autor \u00c1ngel Arellano<\/em><\/strong><\/p>\n\n\n\n<p>Somente em novembro de 2021, a Am\u00e9rica Latina ter\u00e1 cinco processos eleitorais, em contextos que diferem muito entre si. A Nicar\u00e1gua realizar\u00e1 elei\u00e7\u00f5es gerais, a Argentina legislativas de meio-termo, o Chile gerais, a Venezuela regionais\/municipais e Honduras gerais.<\/p>\n\n\n\n<p>Duas dessas elei\u00e7\u00f5es, a nicaraguense e a venezuelana, s\u00e3o processos com muitas cr\u00edticas por parte de diversas institui\u00e7\u00f5es internacionais. Dessa forma, esta agenda eleitoral ter\u00e1 a oportunidade de trazer uma renova\u00e7\u00e3o em alguns pa\u00edses, enquanto em outros devemos presenciar uma ratifica\u00e7\u00e3o do regime existente.<\/p>\n\n\n\n<p>A Am\u00e9rica Latina \u00e9 hoje uma pista de pouso para v\u00e1rios projetos de investimento de pot\u00eancias n\u00e3o democr\u00e1ticas &#8211; China e R\u00fassia na vanguarda &#8211; que fizeram desta vizinhan\u00e7a uma de suas prioridades de expans\u00e3o; portanto, um olhar atento sobre os processos eleitorais na regi\u00e3o \u00e9 relevante do ponto de vista do fortalecimento das democracias, dos partidos pol\u00edticos e da coexist\u00eancia plural.<\/p>\n\n\n\n<p><strong>Nicar\u00e1gua (gerais): domingo 7 de novembro<\/strong><\/p>\n\n\n\n<p>No domingo 7 de novembro, os nicaraguenses foram chamados a votar em <a href=\"http:\/\/latinoamerica21.com\/br\/a-nicaragua-de-daniel-porque-nos-escandalizamos-agora\/\" target=\"_blank\" rel=\"noreferrer noopener\">umas elei\u00e7\u00f5es intensamente criticadas<\/a>. Os eleitores tem que votar para 92 deputados nacionais, 70 deles para a Assembl\u00e9ia Nacional Nicaraguense e 20 para o Parlamento Centro-Americano. \u00c9 uma elei\u00e7\u00e3o (ou melhor, uma vota\u00e7\u00e3o) de ratifica\u00e7\u00e3o, n\u00e3o de renova\u00e7\u00e3o do governo.\u00a0 A possibilidade de altern\u00e2ncia no poder n\u00e3o est\u00e1 presente porque a oposi\u00e7\u00e3o foi banida por sucessivas pris\u00f5es de candidatos, ordenadas desde o gabinete do Presidente Daniel Ortega. Da mesma forma, o Conselho Supremo Eleitoral retirou o status legal de v\u00e1rios partidos da oposi\u00e7\u00e3o.<\/p>\n\n\n\n<p><strong>Argentina (legislativas): domingo, 14 de novembro<\/strong><\/p>\n\n\n\n<p>Depois das prim\u00e1rias abertas, simult\u00e2neas e obrigat\u00f3rias (PASO) de setembro passado &#8211; nas quais o governo do peronista Alberto Fern\u00e1ndez e sua coaliz\u00e3o Frente de Todos sofreu uma derrota not\u00e1vel na maioria dos distritos, e a coaliz\u00e3o de oposi\u00e7\u00e3o Juntos pelo Cambio teve um incremento importante de votos &#8211; o governo teve que enfrentar v\u00e1rias crises, com a ren\u00fancia de ministros e fortes diverg\u00eancias dentro do peronismo. Ap\u00f3s uma remodela\u00e7\u00e3o do gabinete e um relan\u00e7amento da administra\u00e7\u00e3o do governo, a perspectiva \u00e9 incerta e n\u00e3o muito encorajadora para o governo. A aprova\u00e7\u00e3o presidencial n\u00e3o melhorou e as cr\u00edticas s\u00e3o abundantes, como as que se referem \u00e0s dificuldades de acesso \u00e0 informa\u00e7\u00e3o p\u00fablica.<\/p>\n\n\n\n<p>A Argentina est\u00e1 passando por um delicado clima socioecon\u00f4mico: 50% de sua popula\u00e7\u00e3o vive na pobreza e h\u00e1 pouca expectativa de uma retomada econ\u00f4mica no horizonte. Esta elei\u00e7\u00e3o legislativa, como qualquer teste de meio-termo, ser\u00e1 decisiva para o futuro do governo de Fern\u00e1ndez e da oposi\u00e7\u00e3o.<\/p>\n\n\n\n<p><strong>Chile (gerais): domingo 21 de novembro<\/strong><\/p>\n\n\n\n<p><a href=\"https:\/\/brasil.elpais.com\/internacional\/2021-11-02\/eleicoes-na-america-latina-em-novembro-colocam-em-jogo-o-mapa-politico-da-regiao.html\" target=\"_blank\" rel=\"noreferrer noopener\">Nessas elei\u00e7\u00f5es gerais, o Chile eleger\u00e1 um novo presidente<\/a>, 155 cadeiras na C\u00e2mara dos Deputados e 27 dos 50 senadores. A elei\u00e7\u00e3o ser\u00e1 realizada em um clima pol\u00edtico rarefeito. A agita\u00e7\u00e3o durante os protestos que marcaram o segundo anivers\u00e1rio do surto social, no passado 18 de outubro, mostrou que os fantasmas da viol\u00eancia n\u00e3o desapareceram totalmente das ruas.<\/p>\n\n\n\n<p>Segundo as pesquisas, este cen\u00e1rio parece favorecer a candidatura do direitista Jos\u00e9 Antonio Kast, que muitos consideravam extrema demais para ter uma chance de vencer as elei\u00e7\u00f5es. Tudo indica que seu oponente no segundo turno em dezembro ser\u00e1 o esquerdista Gabriel Boric, cuja candidatura re\u00fane muitos dos movimentos sociais por tr\u00e1s da agita\u00e7\u00e3o social e cuja coaliz\u00e3o eleitoral inclui for\u00e7as de extrema esquerda que contrariam a imagem conciliadora cultivada pelo jovem candidato.<\/p>\n\n\n\n<p>A polariza\u00e7\u00e3o entre Boric e Kast deixou pelo caminho os candidatos dos blocos tradicionais, a ex-Concertaci\u00f3n e a ex-Alianza por Chile, a democrata-crist\u00e3 Yasna Provoste e o independente Sebasti\u00e1n Sichel, ambos muito atr\u00e1s de Kast e Boric nas urnas.<\/p>\n\n\n\n<p>A elei\u00e7\u00e3o chilena ganha especial relev\u00e2ncia no contexto da Conven\u00e7\u00e3o Constitucional, dominada pelas for\u00e7as de esquerda, que est\u00e1 em processo de elabora\u00e7\u00e3o de uma nova constitui\u00e7\u00e3o. O novo Congresso ter\u00e1 que coexistir com esta Conven\u00e7\u00e3o e isto pode trazer incertezas institucionais.<\/p>\n\n\n\n<p><strong>Venezuela (regionais e municipais): domingo, 21 de novembro<\/strong><\/p>\n\n\n\n<p>H\u00e1 alguns meses, a oposi\u00e7\u00e3o ao regime de Nicol\u00e1s Maduro e seu Partido Socialista Unido da Venezuela (PSUV), reunidos na coaliz\u00e3o da Unidade Democr\u00e1tica, decidiram participar destas elei\u00e7\u00f5es. Isto ocorreu ap\u00f3s uma renova\u00e7\u00e3o das autoridades do Conselho Nacional Eleitoral, no qual dois (dos cinco) reitores n\u00e3o alinhados com o partido governista foram incorporados.<\/p>\n\n\n\n<p>A entrada de l\u00edderes da oposi\u00e7\u00e3o na arena eleitoral aumentou o n\u00famero de op\u00e7\u00f5es pol\u00edticas e estimulou a mobiliza\u00e7\u00e3o em regi\u00f5es e munic\u00edpios. Entretanto, os 24 governos e 335 prefeituras em jogo, dos quais a oposi\u00e7\u00e3o det\u00e9m atualmente 4 e 30 respectivamente, t\u00eam muito pouca capacidade de gest\u00e3o governamental aut\u00f4noma, tendo sido esvaziados de poderes e recursos durante os 22 anos do regime Chavista. Assim, a luta nessa elei\u00e7\u00e3o n\u00e3o \u00e9 por espa\u00e7os locais, mas para ganhar terreno contra o PSUV.<\/p>\n\n\n\n<p><strong>Honduras (gerais): domingo 28 de novembro<\/strong><\/p>\n\n\n\n<p>A democracia hondurenha tem o teste de renovar suas autoridades pol\u00edticas em uma elei\u00e7\u00e3o geral que inclui o presidente, todo o Congresso (128 deputados), os 20 representantes do pa\u00eds no Parlamento Centro-Americano e 298 prefeitos e vice-prefeitos. A batalha presidencial ser\u00e1 entre Nasry Asfura, pr\u00f3-governamental, e Xiomara Castro, esposa do ex-presidente esquerdista Manuel Zelaya.<\/p>\n\n\n\n<p>O desafio mais importante ser\u00e1 conseguir o reconhecimento geral dos resultados, diante de institui\u00e7\u00f5es eleitorais fracas e do crescente descr\u00e9dito da atividade pol\u00edtica. Este slogan tem sido ecoado por representantes de organiza\u00e7\u00f5es multilaterais no pa\u00eds, como o chefe da Miss\u00e3o de Observa\u00e7\u00e3o Eleitoral da Uni\u00e3o Europ\u00e9ia, que apelou para o respeito pelos resultados em um tenso clima pol\u00edtico.<\/p>\n\n\n\n<p><strong>Elei\u00e7\u00f5es em regimes n\u00e3o-democr\u00e1ticos e a aten\u00e7\u00e3o externa<\/strong><\/p>\n\n\n\n<p>Embora ainda haja um longo caminho a percorrer na constru\u00e7\u00e3o e consolida\u00e7\u00e3o de muitas democracias latino-americanas, a situa\u00e7\u00e3o atual merece uma reflex\u00e3o sobre os regimes autorit\u00e1rios hegem\u00f4nicos que convocam uma vota\u00e7\u00e3o &#8211; n\u00e3o uma elei\u00e7\u00e3o &#8211; para ratificar sua exist\u00eancia e mostrar alguma fachada de democracia, embora em um contexto de total coopta\u00e7\u00e3o de institui\u00e7\u00f5es.<\/p>\n\n\n\n<p>A rea\u00e7\u00e3o do Ocidente a esses eventos eleitorais ser\u00e1 particularmente importante. A China e a R\u00fassia, que n\u00e3o t\u00eam interesse em elei\u00e7\u00f5es democr\u00e1ticas, mas t\u00eam interesses na regi\u00e3o, tamb\u00e9m estar\u00e3o atentas, n\u00e3o apenas a esses dois resultados, mas tamb\u00e9m aos resultados das cinco elei\u00e7\u00f5es. A verdade \u00e9 que n\u00e3o \u00e9 apenas a Am\u00e9rica Latina que estar\u00e1 atenta \u00e0s li\u00e7\u00f5es que deixar\u00e1 o novembro eleitoral.<\/p>\n\n\n\n<p><sub>\u00c1ngel Arellano \u00e9 doutor em ci\u00eancia pol\u00edtica, mestre em estudos pol\u00edticos com especializa\u00e7\u00e3o em governo e administra\u00e7\u00e3o, e \u00e9 jornalista. Coordenador do projeto na Funda\u00e7\u00e3o Konrad Adenauer, escrit\u00f3rio do Uruguai e coordenador da equipe editorial do Di\u00e1logo Pol\u00edtico.<\/sub><\/p>\n\n\n\n<p><sub><em>*Texto originalmente publicado em Di\u00e1logo Pol\u00edtico<\/em><\/sub><\/p>\n","protected":false},"excerpt":{"rendered":"<p>Co-autor \u00c1ngel Arellano<br \/>\nSomente em novembro de 2021, a Am\u00e9rica Latina ter\u00e1 cinco processos eleitorais, em contextos que diferem muito entre si. A Nicar\u00e1gua realizar\u00e1 elei\u00e7\u00f5es gerais, elei\u00e7\u00f5es legislativas de m\u00e9dio prazo na Argentina, elei\u00e7\u00f5es gerais no Chile, elei\u00e7\u00f5es regionais\/municipais na Venezuela e elei\u00e7\u00f5es gerais em Honduras.<\/p>\n","protected":false},"author":284,"featured_media":8068,"comment_status":"closed","ping_status":"closed","sticky":false,"template":"","format":"standard","meta":{"_acf_changed":false,"episode_type":"","audio_file":"","cover_image":"","cover_image_id":"","duration":"","filesize":"","filesize_raw":"","date_recorded":"","explicit":"","block":"","itunes_episode_number":"","itunes_title":"","itunes_season_number":"","itunes_episode_type":"","footnotes":""},"categories":[16770,16770,16708,16708,16711,16711,14397,544],"tags":[],"gps":[],"class_list":{"0":"post-8070","1":"post","2":"type-post","3":"status-publish","4":"format-standard","5":"has-post-thumbnail","7":"category-democracia-pt-br","9":"category-politica-pt-br","11":"category-elecciones-pt-br","13":"category-eleicoes","14":"category-politica-br"},"acf":[],"_links":{"self":[{"href":"https:\/\/latinoamerica21.com\/pt-br\/wp-json\/wp\/v2\/posts\/8070","targetHints":{"allow":["GET"]}}],"collection":[{"href":"https:\/\/latinoamerica21.com\/pt-br\/wp-json\/wp\/v2\/posts"}],"about":[{"href":"https:\/\/latinoamerica21.com\/pt-br\/wp-json\/wp\/v2\/types\/post"}],"author":[{"embeddable":true,"href":"https:\/\/latinoamerica21.com\/pt-br\/wp-json\/wp\/v2\/users\/284"}],"replies":[{"embeddable":true,"href":"https:\/\/latinoamerica21.com\/pt-br\/wp-json\/wp\/v2\/comments?post=8070"}],"version-history":[{"count":0,"href":"https:\/\/latinoamerica21.com\/pt-br\/wp-json\/wp\/v2\/posts\/8070\/revisions"}],"wp:featuredmedia":[{"embeddable":true,"href":"https:\/\/latinoamerica21.com\/pt-br\/wp-json\/wp\/v2\/media\/8068"}],"wp:attachment":[{"href":"https:\/\/latinoamerica21.com\/pt-br\/wp-json\/wp\/v2\/media?parent=8070"}],"wp:term":[{"taxonomy":"category","embeddable":true,"href":"https:\/\/latinoamerica21.com\/pt-br\/wp-json\/wp\/v2\/categories?post=8070"},{"taxonomy":"post_tag","embeddable":true,"href":"https:\/\/latinoamerica21.com\/pt-br\/wp-json\/wp\/v2\/tags?post=8070"},{"taxonomy":"gps","embeddable":true,"href":"https:\/\/latinoamerica21.com\/pt-br\/wp-json\/wp\/v2\/gps?post=8070"}],"curies":[{"name":"wp","href":"https:\/\/api.w.org\/{rel}","templated":true}]}}