{"id":8153,"date":"2021-11-13T09:00:00","date_gmt":"2021-11-13T12:00:00","guid":{"rendered":"http:\/\/latinoamerica21.com\/?p=8153"},"modified":"2021-11-11T07:48:24","modified_gmt":"2021-11-11T10:48:24","slug":"os-zumbis-da-lava-jato-atacarao-em-2022","status":"publish","type":"post","link":"https:\/\/latinoamerica21.com\/pt-br\/os-zumbis-da-lava-jato-atacarao-em-2022\/","title":{"rendered":"Os zumbis da Lava Jato atacar\u00e3o em 2022?"},"content":{"rendered":"\n<p>Dificilmente Jair Bolsonaro ocuparia a cadeira de presidente do Brasil se n\u00e3o fosse pela Opera\u00e7\u00e3o Lava Jato. Supostamente voltada para o combate \u00e0 corrup\u00e7\u00e3o, a opera\u00e7\u00e3o, repleta de irregularidades processuais, escolheu um alvo ao inv\u00e9s de simplesmente seguir as pistas e o devido processo legal. Tratar a pol\u00edtica como crime e o Partido dos Trabalhadores (PT) como uma quadrilha foram elementos centrais para criar o &#8220;clima&#8221; para o golpe de 2016, via processo de impeachment sem as condi\u00e7\u00f5es jur\u00eddicas necess\u00e1rias. O julgamento <a href=\"https:\/\/www.conjur.com.br\/2021-jun-23\/moro-suspeito-julgar-lula-decide-stf-votos\">enviesado do ex-presidente Lula o levou \u00e0 pris\u00e3o<\/a>, sem provas, al\u00e7ando Bolsonaro \u00e0 condi\u00e7\u00e3o de favorito na elei\u00e7\u00e3o presidencial de 2018.<\/p>\n\n\n\n<p><strong>As sombras da Opera\u00e7\u00e3o Lava Jato<\/strong><\/p>\n\n\n\n<p>Os principais atores da Opera\u00e7\u00e3o Lava Jato que implicou uma atua\u00e7\u00e3o parcial e partidarizada da Justi\u00e7a foram o ent\u00e3o juiz S\u00e9rgio Moro e os procuradores do Minist\u00e9rio P\u00fablico em Curitiba, com destaque para o coordenador da opera\u00e7\u00e3o, Deltan Dallagnol. Juiz e procuradores combinavam entre si estrat\u00e9gias, ignoravam seletivamente informa\u00e7\u00f5es, manifestavam em conversas o desejo de que o PT n\u00e3o vencesse a elei\u00e7\u00e3o presidencial e abusavam do instrumento das dela\u00e7\u00f5es premiadas.<\/p>\n\n\n\n<p>Tudo isso foi exposto na s\u00e9rie de reportagens <a href=\"https:\/\/theintercept.com\/series\/mensagens-lava-jato\/\">realizada pelo Intercept Brasil<\/a>, conhecida como Vaza Jato, a partir da obten\u00e7\u00e3o de conversas entre esses personagens no aplicativo Telegram. Depois, novos di\u00e1logos vieram \u00e0 tona a partir da Opera\u00e7\u00e3o Spoofing, da Pol\u00edcia Federal. As dela\u00e7\u00f5es premiadas, que supostamente seriam um incentivo para que alguns criminosos ajudassem a desbaratar os grandes esquemas, foram utilizadas deliberadamente para construir uma narrativa que levasse \u00e0 condena\u00e7\u00e3o de Lula.<\/p>\n\n\n\n<p>Para dizerem o que o Minist\u00e9rio P\u00fablico queria ouvir, fosse ou n\u00e3o verdade, os delatores ora obtinham vantagens totalmente alheias ao efetivo compromisso com o combate \u00e0 corrup\u00e7\u00e3o, ora sofriam tortura psicol\u00f3gica, em evidente abuso dos direitos humanos. Alberto Youssef, importante operador de lavagem de dinheiro, cuja soma de suas penas superaria 122 anos de c\u00e1rcere fechado, conseguiu ficar preso por apenas tr\u00eas, com a preserva\u00e7\u00e3o de v\u00e1rios im\u00f3veis declaradamente oriundos dos pr\u00f3prios crimes.<\/p>\n\n\n\n<p>Por outro lado, delatores menos centrais no esquema de corrup\u00e7\u00e3o foram presos preventivamente e amea\u00e7ados de serem transferidos para pres\u00eddios perigosos caso n\u00e3o &#8220;colaborassem espontaneamente&#8221;. Em conversa realizada em 2017<a href=\"https:\/\/www.conjur.com.br\/2021-fev-06\/deltan-dallagnol-admite-prisao-eficiente-forcar-delacoes\">, Dallagnol zombava da &#8220;efici\u00eancia&#8221; das pris\u00f5es preventivas<\/a> como instrumento para pressionar os investigados a aceitar acordos de dela\u00e7\u00e3o premiada.<\/p>\n\n\n\n<p>O ex-executivo da Petrobras Pedro Barusco, que foi um dos primeiros delatores da Lava Jato, ainda em 2014, havia denunciado um acerto de propina entre funcion\u00e1rios da empresa, pol\u00edticos e representantes de empreiteiras. Deltan Dallagnol e seu colega procurador Athayde Ribeiro Costa, entretanto, ficaram insatisfeitos com o fato de aquela dela\u00e7\u00e3o permitir incluir o Partido Progressista entre os envolvidos, mas n\u00e3o o Partido dos Trabalhadores. Combinaram, ent\u00e3o, de fazer novo acordo, deixando Barusco sem nenhuma pena realmente grave, para que realizasse nova dela\u00e7\u00e3o, que conteria trechos escritos pelos pr\u00f3prios procuradores.<\/p>\n\n\n\n<p><strong>Moro, Dallagnol e as perspectivas pol\u00edticas para as elei\u00e7\u00f5es de 2022<\/strong><\/p>\n\n\n\n<p>Moro pediu exonera\u00e7\u00e3o como juiz federal em 2018 para <a href=\"https:\/\/g1.globo.com\/pr\/parana\/noticia\/2018\/11\/16\/presidente-do-trf-4-assina-exoneracao-de-sergio-moro.ghtml\">se tornar ministro da Justi\u00e7a do pr\u00f3prio Bolsonaro<\/a>, com quem rompeu dois anos depois devido a disputas de poder. Dallagnol pediu exonera\u00e7\u00e3o do Minist\u00e9rio P\u00fablico Federal agora, em novembro de 2021. <a href=\"https:\/\/www1.folha.uol.com.br\/colunas\/monicabergamo\/2021\/11\/aventura-de-moro-e-deltan-na-politica-e-manobra-criminosa-diz-prerrogativas.shtml\">Sua meta, como a de S\u00e9rgio Moro, deve ser a de permanecer na pol\u00edtica<\/a>, mas desta vez pela via eleitoral, e n\u00e3o pela manipula\u00e7\u00e3o da Justi\u00e7a.<\/p>\n\n\n\n<p>O ex-juiz da inquisi\u00e7\u00e3o lava-jatista tem se apresentado<a href=\"https:\/\/politica.estadao.com.br\/noticias\/eleicoes,moro-mira-apoio-de-militares-e-convida-generais-para-sua-filiacao-ao-podemos,70003889315\"> como prov\u00e1vel candidato \u00e0 Presid\u00eancia da Rep\u00fablica na elei\u00e7\u00e3o de 2022<\/a>. J\u00e1 a ambi\u00e7\u00e3o pol\u00edtica de Dallagnol ainda n\u00e3o \u00e9 conhecida.&nbsp;<\/p>\n\n\n\n<p>Sabe-se apenas que gosta de dinheiro: <a href=\"https:\/\/theintercept.com\/2019\/07\/14\/dallagnol-lavajato-palestras\/\">mat\u00e9ria do Intercept Brasil<\/a> mostrava que Dallagnol e seu parceiro procurador Roberson Pozzobon planejavam em 2018 um plano de neg\u00f3cios para lucrar com eventos e palestras remuneradas a partir da fama e dos contatos conseguidos por meio da opera\u00e7\u00e3o Lava Jato. Usariam parentes como donos da empresa, para evitar questionamentos legais, e pensavam em criar um instituto &#8220;sem fins lucrativos&#8221; para pagar cach\u00eas para eles mesmos.<\/p>\n\n\n\n<p>Em 2019, o Minist\u00e9rio P\u00fablico Federal do Paran\u00e1 tentava realizar um acordo com a Petrobras e o governo dos Estados Unidos para que a empresa estatal, que era o objeto da investiga\u00e7\u00e3o da Lava Jato, pagasse RS 2,5 bilh\u00f5es para um fundo privado que seria gerido pelo pr\u00f3prio Deltan Dallagnol e seus colegas. Agora que abriu m\u00e3o de seu alto sal\u00e1rio de procurador, n\u00e3o se sabe se tentar\u00e1 ser deputado ou se vai se atrever a buscar uma vaga no Senado ou o cargo de governador do estado do Paran\u00e1.<\/p>\n\n\n\n<p><a href=\"https:\/\/www1.folha.uol.com.br\/poder\/2021\/10\/moro-faz-turne-da-terceira-via-e-anima-apoiadores-mas-mantem-silencio-sobre-candidatura-em-2022.shtml\">S\u00e9rgio Moro tem sido trabalhado como poss\u00edvel nome da &#8220;terceira via&#8221;, contra Lula e Bolsonaro<\/a>, por setores da imprensa que sempre publicavam not\u00edcias elogiosas e acr\u00edticas \u00e0 Lava Jato. Hoje j\u00e1 n\u00e3o se v\u00ea nas ruas manifestantes com camisetas amarelas com seu rosto e chamando-o de her\u00f3i, ou mesmo montagens suas com a roupa de Superman. Mas, com o favoritismo de Lula e a certeza de que haver\u00e1 polariza\u00e7\u00e3o, \u00e9 o espa\u00e7o de inimigo do PT e de defensor do punitivismo que estar\u00e1 em disputa. Moro tem algum potencial para voltar a atrair parte da base reacion\u00e1ria desiludida com Bolsonaro e ocupar esse lugar.<\/p>\n\n\n\n<p>A plataforma pol\u00edtica de Moro e Dallagnol em uma campanha eleitoral \u00e9 previs\u00edvel: muito alarmismo contra a corrup\u00e7\u00e3o, defesa de mais pris\u00f5es e penas mais duras, cr\u00edtica a uma burocracia &#8220;excessiva&#8221; na legisla\u00e7\u00e3o penal brasileira que levaria \u00e0 impunidade e difus\u00e3o da ideia de que a classe pol\u00edtica \u00e9 toda corrupta e \u00e9 necess\u00e1rio substitu\u00ed-la por n\u00e3o-pol\u00edticos.<\/p>\n\n\n\n<p>A ruptura democr\u00e1tica de 2016 deu poder a figuras conspirat\u00f3rias e autorit\u00e1rias. Primeiramente, o ent\u00e3o vice-presidente Michel Temer, amplamente chamado de &#8220;vampiro&#8221;, tornou-se um presidente sem voto. Depois, Jair Bolsonaro teve uma disputa pol\u00edtica segura pela presid\u00eancia, sem Lula no caminho.<\/p>\n\n\n\n<p>Bolsonaro \u00e9 frequentemente chamado de \u201cBozo\u201d, mas o n\u00edvel de destrui\u00e7\u00e3o que tem causado o aproxima de palha\u00e7os mais aterradores, como Pennywise ou outros assassinos maquiados que povoam o cinema. <a href=\"https:\/\/www1.folha.uol.com.br\/poder\/2021\/02\/apos-sete-anos-lava-jato-de-curitiba-e-dissolvida-apuracao-da-forca-tarefa-segue-ate-outubro.shtml\">Em fevereiro, a opera\u00e7\u00e3o Lava Jato foi dissolvida<\/a>, j\u00e1 em descr\u00e9dito devido a todas as arbitrariedades e parcialidade reveladas. Mas, neste filme de terror que vive o Brasil desde 2016, a morte da Lava Jato pode n\u00e3o ser definitiva. Ela pode retornar como um zumbi, com candidaturas de S\u00e9rgio Moro e de Deltan Dallagnol exibidas em hor\u00e1rio nobre na televis\u00e3o.<\/p>\n\n\n\n<p><em><sub>Foto de Ag\u00eancia Brasil<\/sub><\/em><\/p>\n\n\n\n<hr class=\"wp-block-separator\"\/>\n\n\n\n<p class=\"has-text-align-right\"><strong><em>Epis\u00f3dio relacionado de nosso\u00a0<\/em><\/strong><a href=\"http:\/\/latinoamerica21.com\/podcast\/\"><em><strong>podcast<\/strong><\/em><\/a><strong><em>:<\/em><\/strong><\/p>\n\n\n\n<figure class=\"wp-block-embed is-type-rich is-provider-spotify wp-block-embed-spotify wp-embed-aspect-21-9 wp-has-aspect-ratio\"><div class=\"wp-block-embed__wrapper\">\n<iframe title=\"Spotify Embed: Justi\u00e7a e pol\u00edtica no Brasil. O caso Lava Jato \" style=\"border-radius: 12px\" width=\"100%\" height=\"152\" frameborder=\"0\" allowfullscreen allow=\"autoplay; clipboard-write; encrypted-media; fullscreen; picture-in-picture\" loading=\"lazy\" src=\"https:\/\/open.spotify.com\/embed\/episode\/40QoyRrCsrUNHaaLoRLEih?utm_source=oembed\"><\/iframe>\n<\/div><\/figure>\n\n\n\n<p><a href=\"http:\/\/latinoamerica21.com\/#facebook\" rel=\"noreferrer noopener\" target=\"_blank\"><\/a><\/p>\n","protected":false},"excerpt":{"rendered":"<p>A opera\u00e7\u00e3o Lava Jato, supostamente destinada a combater a corrup\u00e7\u00e3o, estava repleta de irregularidades e optou por visar, em vez de simplesmente seguir o devido processo legal. Mas sua morte pode n\u00e3o ser definitiva. Podemos v\u00ea-lo renascer com a candidatura do ex-juiz S\u00e9rgio Moro.<\/p>\n","protected":false},"author":183,"featured_media":8151,"comment_status":"closed","ping_status":"closed","sticky":false,"template":"","format":"standard","meta":{"_acf_changed":false,"episode_type":"","audio_file":"","cover_image":"","cover_image_id":"","duration":"","filesize":"","filesize_raw":"","date_recorded":"","explicit":"","block":"","itunes_episode_number":"","itunes_title":"","itunes_season_number":"","itunes_episode_type":"","footnotes":""},"categories":[16728,16713,544],"tags":[],"gps":[],"class_list":{"0":"post-8153","1":"post","2":"type-post","3":"status-publish","4":"format-standard","5":"has-post-thumbnail","7":"category-brasil-pt-br","8":"category-lava-jato-pt-br","9":"category-politica-br"},"acf":[],"_links":{"self":[{"href":"https:\/\/latinoamerica21.com\/pt-br\/wp-json\/wp\/v2\/posts\/8153","targetHints":{"allow":["GET"]}}],"collection":[{"href":"https:\/\/latinoamerica21.com\/pt-br\/wp-json\/wp\/v2\/posts"}],"about":[{"href":"https:\/\/latinoamerica21.com\/pt-br\/wp-json\/wp\/v2\/types\/post"}],"author":[{"embeddable":true,"href":"https:\/\/latinoamerica21.com\/pt-br\/wp-json\/wp\/v2\/users\/183"}],"replies":[{"embeddable":true,"href":"https:\/\/latinoamerica21.com\/pt-br\/wp-json\/wp\/v2\/comments?post=8153"}],"version-history":[{"count":0,"href":"https:\/\/latinoamerica21.com\/pt-br\/wp-json\/wp\/v2\/posts\/8153\/revisions"}],"wp:featuredmedia":[{"embeddable":true,"href":"https:\/\/latinoamerica21.com\/pt-br\/wp-json\/wp\/v2\/media\/8151"}],"wp:attachment":[{"href":"https:\/\/latinoamerica21.com\/pt-br\/wp-json\/wp\/v2\/media?parent=8153"}],"wp:term":[{"taxonomy":"category","embeddable":true,"href":"https:\/\/latinoamerica21.com\/pt-br\/wp-json\/wp\/v2\/categories?post=8153"},{"taxonomy":"post_tag","embeddable":true,"href":"https:\/\/latinoamerica21.com\/pt-br\/wp-json\/wp\/v2\/tags?post=8153"},{"taxonomy":"gps","embeddable":true,"href":"https:\/\/latinoamerica21.com\/pt-br\/wp-json\/wp\/v2\/gps?post=8153"}],"curies":[{"name":"wp","href":"https:\/\/api.w.org\/{rel}","templated":true}]}}