{"id":8238,"date":"2021-11-20T15:00:00","date_gmt":"2021-11-20T18:00:00","guid":{"rendered":"http:\/\/latinoamerica21.com\/?p=8238"},"modified":"2021-11-19T14:21:39","modified_gmt":"2021-11-19T17:21:39","slug":"o-que-esperar-das-eleicoes-presidenciais-no-chile","status":"publish","type":"post","link":"https:\/\/latinoamerica21.com\/pt-br\/o-que-esperar-das-eleicoes-presidenciais-no-chile\/","title":{"rendered":"O que esperar das elei\u00e7\u00f5es presidenciais no Chile?"},"content":{"rendered":"\n<p>2021 ser\u00e1 conhecido como o ano que transformou a pol\u00edtica chilena. Em maio, ocorreram as <a href=\"http:\/\/latinoamerica21.com\/es\/chile-la-implosion-de-la-politica-postransicional\/\">elei\u00e7\u00f5es \u00e0 Conven\u00e7\u00e3o Constitucional<\/a> e a renova\u00e7\u00e3o completa de governadores, prefeitos e vereadores. No pr\u00f3ximo domingo, 21 de novembro, ser\u00e3o realizadas as elei\u00e7\u00f5es de deputados, senadores, e a mais importante de todas, a presidencial. Sete candidaturas e coaliz\u00f5es concorrem \u00e0 Presid\u00eancia da Rep\u00fablica: Gabriel Boric, do Aprovo Dignidade, Jos\u00e9 Antonio Kast, da Frente Social Crist\u00e3, Yasna Provoste, do Novo Pacto Social, Sebasti\u00e1n Sichel, do Chile Podemos Mais, Marco Enr\u00edquez-Ominami, do Partido Progressista, Eduardo Art\u00e9s, da Uni\u00e3o Patri\u00f3tica, e Franco Parisi, do Partido do Povo.<\/p>\n\n\n\n<p>H\u00e1 poucos dias da realiza\u00e7\u00e3o do primeiro turno, estas elei\u00e7\u00f5es se destacam pelo alto grau de incerteza com rela\u00e7\u00e3o aos seus resultados, que vem acompanhado sob o olhar atento dos demais pa\u00edses da Am\u00e9rica Latina. Dois elementos merecem destaque. Em primeiro, o fim da polariza\u00e7\u00e3o entre as duas coaliz\u00f5es que estruturaram o padr\u00e3o de competi\u00e7\u00e3o pol\u00edtica e eleitoral no pa\u00eds nas \u00faltimas tr\u00eas d\u00e9cadas, a <em>Concertaci\u00f3n<\/em> (atual Novo Pacto Social) e a <em>Alianza<\/em> (atual Chile Podemos Mais). Em segundo, e como consequ\u00eancia da abertura de um novo ciclo pol\u00edtico no Chile, a irrup\u00e7\u00e3o do candidato de ultradireita, Kast, como o mais prov\u00e1vel para ir ao segundo turno com o candidato de esquerda, Boric.<\/p>\n\n\n\n<p><strong>Os favoritos no pleito eleitoral<\/strong><\/p>\n\n\n\n<p>Nem Boric nem Kast s\u00e3o novidades na pol\u00edtica chilena. Boric \u00e9 um dos principais l\u00edderes das mobiliza\u00e7\u00f5es estudantis de 2011, e foi eleito ao Congresso Nacional em 2013 e reeleito em 2017, sendo atualmente parlamentar. \u00c9 tamb\u00e9m um dos fundadores da Frente Ampla, coaliz\u00e3o formada em janeiro de 2017 com o objetivo de apresentar uma candidatura presidencial e v\u00e1rias candidaturas parlamentares nas elei\u00e7\u00f5es deste mesmo ano, quando tornou-se a terceira for\u00e7a pol\u00edtica chilena. Sua candidata presidencial naquela elei\u00e7\u00e3o, Beatriz S\u00e1nchez, atualmente parlamentar constituinte, obteve 20,3% dos votos, ficando fora do segundo turno por uma diferen\u00e7a de apenas 2,5%, demonstrando ser poss\u00edvel abrir fissuras no dom\u00ednio exercido pelas duas coaliz\u00f5es tradicionais do pa\u00eds.<\/p>\n\n\n\n<p>Kast foi vereador entre 1996 e 2000 e deputado entre 2002 e 2018, e pertence a uma fam\u00edlia com diversos pol\u00edticos de direita. Seu irm\u00e3o, Miguel Kast, foi ministro e presidente do Banco Central durante a ditadura de Augusto Pinochet (1973-1989). Kast pertenceu \u00e0 Uni\u00e3o Democr\u00e1tica Independente &#8211; o partido herdeiro do <em>pinochetismo<\/em> \u2013 entre 1996 e 2016 e renunciou \u00e0 organiza\u00e7\u00e3o devido \u00e0 progressiva modera\u00e7\u00e3o desta direita tradicional, com destaque para a desvincula\u00e7\u00e3o de sua heran\u00e7a ditatorial. Em 2017, como candidato presidencial, Kast obteve 8% dos votos, obtendo o quarto lugar nas elei\u00e7\u00f5es e sendo uma verdadeira surpresa para a maioria dos analistas pol\u00edticos. Em 2018, Kast criou o movimento A\u00e7\u00e3o Republicana, finalmente registrado em 2019 como Partido Republicano.<\/p>\n\n\n\n<p>Se a consolida\u00e7\u00e3o das organiza\u00e7\u00f5es e das candidaturas de Boric e Kast n\u00e3o s\u00e3o uma surpresa, o que surpreende \u00e9 o favoritismo de ambos, e especialmente de Kast. Em grande medida, estas elei\u00e7\u00f5es podem ser explicadas devido ao desgaste dos partidos e das coaliz\u00f5es tradicionais, com o apelo \u00e0s identidades pol\u00edticas negativas e com um forte componente antiestablishment, <a href=\"https:\/\/journals.sagepub.com\/doi\/abs\/10.1177\/1354068817741287\">definido<\/a> como \u201cuma repulsa emocional e racional para cada partido pol\u00edtico estabelecido em um determinado pa\u00eds\u201d. Estes seriam os casos n\u00e3o s\u00f3 de Boric e Kast, mas tamb\u00e9m de Parisi. De acordo com as <a href=\"https:\/\/elpais.com\/internacional\/2021-11-16\/elecciones-presidenciales-en-chile-las-claves-de-la-eleccion-mas-incierta-en-tres-decadas.html\">\u00faltimas<\/a> pesquisas de opini\u00e3o p\u00fablica, juntos os tr\u00eas candidatos somam mais de 60% dos votos.<\/p>\n\n\n\n<p><strong>Jos\u00e9 Antonio Kast e os perigos para a democracia chilena<\/strong><\/p>\n\n\n\n<p>A grande surpresa dessas elei\u00e7\u00f5es \u00e9 sem d\u00favida a irrup\u00e7\u00e3o de Kast. A campanha presidencial iniciou com a tradicional divis\u00e3o entre mudan\u00e7a, representada por Boric, e continuidade, representada por Sichel. No entanto, a <a href=\"file:\/\/\/C:\/Users\/talit\/Desktop\/baixa%20popularidade\">baixa popularidade<\/a> do atual presidente Sebasti\u00e1n Pi\u00f1era, uma <em>persona non grata<\/em> n\u00e3o s\u00f3 no pa\u00eds, mas em sua pr\u00f3pria coaliz\u00e3o, bem como a dificuldade da direita convencional em apresentar um projeto atrativo para a popula\u00e7\u00e3o, fez com que outras divis\u00f5es surgissem.<\/p>\n\n\n\n<p>Kast tem <a href=\"http:\/\/latinoamerica21.com\/es\/el-candidato-de-pinochet\/\">articulado identidades pol\u00edticas negativas n\u00e3o s\u00f3 com rela\u00e7\u00e3o ao <em>establishment<\/em>, mas tamb\u00e9m \u00e0 esquerda<\/a>, associando Boric e sua coaliz\u00e3o ao caos e \u00e0 instabilidade, enquanto a sua candidatura seria a leg\u00edtima representante da ordem e da estabilidade. Para isto, Kast tem afirmado que Boric representa uma ultraesquerda no pa\u00eds, afim a regimes pol\u00edticos autorit\u00e1rios, como o da Nicar\u00e1gua, e que sua vit\u00f3ria levaria ao colapso da economia e da pr\u00f3pria democracia no Chile.<\/p>\n\n\n\n<p>Algumas semelhan\u00e7as com as elei\u00e7\u00f5es presidenciais brasileiras de 2018 chamam a aten\u00e7\u00e3o. Neste ano, durante a campanha eleitoral no Brasil, Kast realizou uma visita \u00e0 Bolsonaro e <a href=\"https:\/\/www.24horas.cl\/politica\/jose-antonio-kast-se-reune-con-bolsonaro-y-le-regala-camiseta-de-la-seleccion-chilena-2841122\">afirmou<\/a> que o ent\u00e3o candidato representaria a esperan\u00e7a de um pa\u00eds que foi destru\u00eddo pela esquerda. Mas ao contr\u00e1rio de seu hom\u00f4nimo brasileiro, Kast tem uma <a href=\"https:\/\/www.elmostrador.cl\/noticias\/opinion\/columnas\/2021\/11\/15\/kast-y-la-bolsonarizacion-de-la-politica-chilena\/\">boa comunica\u00e7\u00e3o<\/a>, e cresceu justamente participando dos debates, transmitindo tranquilidade e autocontrole em um tom sereno \u2013 o que talvez seja ainda mais perigoso. Kast tem conectado emo\u00e7\u00f5es antiestablishment e antiesquerda a outros temas capazes de mobilizar um eleitorado descontente com a modera\u00e7\u00e3o da direita tradicional, defendendo pol\u00edticas <em>mano dura<\/em> para a promo\u00e7\u00e3o da lei e da ordem p\u00fablica e a influ\u00eancia mais significativa dos valores religiosos nos assuntos p\u00fablicos.<\/p>\n\n\n\n<p>O calcanhar de Aquiles de Kast est\u00e1 em sua vincula\u00e7\u00e3o \u00e0s duas principais dimens\u00f5es do <em>pinochetismo<\/em>: o autoritarismo e o neoliberalismo. Em um contexto de pluraliza\u00e7\u00e3o da representa\u00e7\u00e3o pol\u00edtica e de uma demanda por uma maior presen\u00e7a de Estado no desenvolvimento social e econ\u00f4mico do Chile, o candidato ter\u00e1 dificuldades em atrair bases sociais e eleitorais mais amplas em um eventual segundo turno, a ser realizado em 19 de dezembro. No <a href=\"https:\/\/www.cnnchile.com\/elecciones2021\/jose-antonio-kast-defendio-dictadura-militar-medios-extranjeros_20211113\/\">\u00faltimo debate presidencial<\/a> organizado pela Associa\u00e7\u00e3o Nacional de Televis\u00e3o, em que todas as candidaturas buscaram se diferenciar de Kast, o candidato demonstrou dificuldades em navegar por estes temas. O debate foi realizado ap\u00f3s as suas \u00faltimas declara\u00e7\u00f5es sobre a ditadura militar, em que o <a href=\"https:\/\/www.cnnchile.com\/elecciones2021\/jose-antonio-kast-defendio-dictadura-militar-medios-extranjeros_20211113\/\">candidato afirmou que no Chile de Pinochet n\u00e3o houve presos pol\u00edticos<\/a>. A verdadeira for\u00e7a de Kast, no entanto, s\u00f3 ser\u00e1 descoberta no pr\u00f3ximo domingo.<\/p>\n\n\n\n<p>Por fim, cabe destacar que o voto no Chile \u00e9 facultativo e o comparecimento eleitoral tem sido abaixo dos 50%. Adicionalmente, existem varia\u00e7\u00f5es importantes no que toca ao perfil sociodemogr\u00e1fico dos votantes nas \u00faltimas elei\u00e7\u00f5es, especialmente no que diz respeito \u00e0 sexo, escolaridade, idade e renda. O vencedor ser\u00e1 aquele com a maior capacidade de mobiliza\u00e7\u00e3o pol\u00edtica e eleitoral em um contexto de mal-estar generalizado com a forma pela qual a democracia opera no pa\u00eds.<\/p>\n","protected":false},"excerpt":{"rendered":"<p>Estas elei\u00e7\u00f5es ser\u00e3o marcadas por um alto grau de incerteza e dois elementos: o fim da polariza\u00e7\u00e3o entre as duas coaliz\u00f5es hist\u00f3ricas e, como conseq\u00fc\u00eancia da abertura de um novo ciclo pol\u00edtico no Chile, o surgimento do candidato de extrema-direita.<\/p>\n","protected":false},"author":288,"featured_media":8232,"comment_status":"closed","ping_status":"closed","sticky":false,"template":"","format":"standard","meta":{"_acf_changed":false,"episode_type":"","audio_file":"","cover_image":"","cover_image_id":"","duration":"","filesize":"","filesize_raw":"","date_recorded":"","explicit":"","block":"","itunes_episode_number":"","itunes_title":"","itunes_season_number":"","itunes_episode_type":"","footnotes":""},"categories":[16711,16765,14397,544],"tags":[],"gps":[],"class_list":{"0":"post-8238","1":"post","2":"type-post","3":"status-publish","4":"format-standard","5":"has-post-thumbnail","7":"category-elecciones-pt-br","8":"category-chile-es-pt-br","9":"category-eleicoes","10":"category-politica-br"},"acf":[],"_links":{"self":[{"href":"https:\/\/latinoamerica21.com\/pt-br\/wp-json\/wp\/v2\/posts\/8238","targetHints":{"allow":["GET"]}}],"collection":[{"href":"https:\/\/latinoamerica21.com\/pt-br\/wp-json\/wp\/v2\/posts"}],"about":[{"href":"https:\/\/latinoamerica21.com\/pt-br\/wp-json\/wp\/v2\/types\/post"}],"author":[{"embeddable":true,"href":"https:\/\/latinoamerica21.com\/pt-br\/wp-json\/wp\/v2\/users\/288"}],"replies":[{"embeddable":true,"href":"https:\/\/latinoamerica21.com\/pt-br\/wp-json\/wp\/v2\/comments?post=8238"}],"version-history":[{"count":0,"href":"https:\/\/latinoamerica21.com\/pt-br\/wp-json\/wp\/v2\/posts\/8238\/revisions"}],"wp:featuredmedia":[{"embeddable":true,"href":"https:\/\/latinoamerica21.com\/pt-br\/wp-json\/wp\/v2\/media\/8232"}],"wp:attachment":[{"href":"https:\/\/latinoamerica21.com\/pt-br\/wp-json\/wp\/v2\/media?parent=8238"}],"wp:term":[{"taxonomy":"category","embeddable":true,"href":"https:\/\/latinoamerica21.com\/pt-br\/wp-json\/wp\/v2\/categories?post=8238"},{"taxonomy":"post_tag","embeddable":true,"href":"https:\/\/latinoamerica21.com\/pt-br\/wp-json\/wp\/v2\/tags?post=8238"},{"taxonomy":"gps","embeddable":true,"href":"https:\/\/latinoamerica21.com\/pt-br\/wp-json\/wp\/v2\/gps?post=8238"}],"curies":[{"name":"wp","href":"https:\/\/api.w.org\/{rel}","templated":true}]}}