{"id":8422,"date":"2021-12-03T09:00:00","date_gmt":"2021-12-03T12:00:00","guid":{"rendered":"http:\/\/latinoamerica21.com\/?p=8422"},"modified":"2021-12-03T07:18:42","modified_gmt":"2021-12-03T10:18:42","slug":"chile-tragedia-anunciada-ou-evitavel","status":"publish","type":"post","link":"https:\/\/latinoamerica21.com\/pt-br\/chile-tragedia-anunciada-ou-evitavel\/","title":{"rendered":"Chile: trag\u00e9dia anunciada ou evit\u00e1vel?"},"content":{"rendered":"\n<p><em><strong>Co-autor Alexis Cort\u00e9s<\/strong><\/em><\/p>\n\n\n\n<p>Com maior ou menor perplexidade, acompanhamos nas \u00faltimas semanas o avan\u00e7o da candidatura <a href=\"http:\/\/latinoamerica21.com\/br\/por-que-o-candidato-da-extrema-direita-ganhou-nas-20-comunas-mais-pobres-do-chile\/\">de extrema-direita de Jos\u00e9 Antonio Kast<\/a> \u00e0 presid\u00eancia do Chile. Sua acelerada ascens\u00e3o culminou <a href=\"https:\/\/valor.globo.com\/mundo\/noticia\/2021\/11\/22\/resultados-confirmam-segundo-turno-entre-kast-e-boric-no-chile.ghtml\">na passagem em primeiro lugar<\/a> (ainda que por uma pequena margem de 2 pontos porcentuais) ao segundo turno, acompanhado do candidato de esquerda e ex-lideran\u00e7a do movimento estudantil de 2011, Gabriel Boric.<\/p>\n\n\n\n<p>Por que uma sociedade que h\u00e1 apenas <a href=\"https:\/\/g1.globo.com\/mundo\/noticia\/2019\/10\/20\/entenda-a-onda-de-protestos-no-chile.ghtml\">2 anos protagonizou o <\/a><a href=\"https:\/\/g1.globo.com\/mundo\/noticia\/2019\/10\/20\/entenda-a-onda-de-protestos-no-chile.ghtml\"><em>estallido social<\/em><\/a><a href=\"https:\/\/g1.globo.com\/mundo\/noticia\/2019\/10\/20\/entenda-a-onda-de-protestos-no-chile.ghtml\">,<\/a><em> <\/em>uma das maiores mobiliza\u00e7\u00f5es sociais da sua hist\u00f3ria, colocando em xeque o governo do direitista Sebasti\u00e1n Pi\u00f1era, hoje se inclina como primeira op\u00e7\u00e3o por um candidato da extrema-direita? O principal resultado do <em>estallido <\/em>foi <a href=\"https:\/\/brasil.elpais.com\/internacional\/2021-07-13\/a-primeira-semana-da-constituinte-chilena-marcada-por-tentativa-e-erro.html\">a aprova\u00e7\u00e3o por 80% do eleitorado de um in\u00e9dito processo constituinte parit\u00e1rio<\/a> que est\u00e1 deixando para tr\u00e1s o \u00faltimo enclave institucional da ditadura: a constitui\u00e7\u00e3o de Pinochet. Por que ent\u00e3o a primeira op\u00e7\u00e3o de triunfo presidencial est\u00e1 num candidato que encabe\u00e7ou a rejei\u00e7\u00e3o contra a Nova Constitui\u00e7\u00e3o?<\/p>\n\n\n\n<p>Aparentemente, a fadiga por satura\u00e7\u00e3o com as incertezas acumuladas pela crise pol\u00edtica, econ\u00f4mica, migrat\u00f3ria (no norte do pa\u00eds) e sanit\u00e1ria criaram um cen\u00e1rio prop\u00edcio para uma candidatura que ofereceu ordem e m\u00e3o firme. Al\u00e9m do mais, Kast conseguiu mobilizar um eleitorado de direita que estava crescentemente se abstendo, pois ficou desnorteado e sem confian\u00e7a ante os negativos resultados do setor nas \u00faltimas tr\u00eas elei\u00e7\u00f5es.<\/p>\n\n\n\n<p>Diversas an\u00e1lises coincidem em assinalar que o Chile est\u00e1 vivendo uma bolsonariza\u00e7\u00e3o pol\u00edtica que, apesar de surpreendente, posiciona o pa\u00eds andino numa tend\u00eancia cada vez mais global. <a href=\"https:\/\/noticias.uol.com.br\/internacional\/ultimas-noticias\/2021\/11\/21\/eleicoes-chile-extrema-direita-america-latina.htm\">Qual \u00e9 o n\u00edvel de proximidade entre Kast e Jair Bolsonaro?<\/a> E o que deveria acontecer para que n\u00e3o se repita o cen\u00e1rio que permitiu o triunfo do ex-capit\u00e3o no Brasil?<\/p>\n\n\n\n<p><strong>Bolsonaro e Kast: irm\u00e3os siameses?<\/strong><\/p>\n\n\n\n<p>Kast representaria mais um elemento de uma onda de direita na regi\u00e3o, da qual o principal representante \u00e9 Bolsonaro. Efetivamente, muitas de suas posi\u00e7\u00f5es se assemelham. Para come\u00e7ar, ambos s\u00e3o defensores do legado ditatorial da regi\u00e3o, em especial da heran\u00e7a de Pinochet. Defendem posi\u00e7\u00f5es religiosas moralistas, a \u201cm\u00e3o dura contra a delinqu\u00eancia\u201d e o punitivismo. Na pol\u00edtica interna, enfatizam um vago \u201canticomunismo\u201d combinado com receitas neoliberais. Externamente, simpatizam com Donald Trump e o neoconservadorismo, e agitam os mesmos espantalhos: Cuba, Venezuela e Nicar\u00e1gua.<\/p>\n\n\n\n<p>No entanto, h\u00e1 pequenas diferen\u00e7as. Bolsonaro se associa mais abertamente a setores criminosos milicianos. Kast enfatiza o \u201cimigrante ilegal\u201d a prop\u00f3sito da crise migrat\u00f3ria e humanit\u00e1ria que experimenta o Chile na sua fronteira norte. Pessoalmente, Kast parece mais articulado e equilibrado que Bolsonaro, tanto \u00e9 que parte de sua ascens\u00e3o se explica por suas boas performances nos debates com outros candidatos, espa\u00e7os nos quais Bolsonaro n\u00e3o p\u00f4de estar presente ou diretamente evitou.&nbsp;&nbsp;&nbsp;<\/p>\n\n\n\n<p>A grande diferen\u00e7a \u00e9 o momento que vive cada pa\u00eds. S\u00e3o duas \u201crea\u00e7\u00f5es\u201d, mas que se processaram de forma diferente. Bolsonaro \u00e9 resultado de uma onda conservadora que come\u00e7ou em 2013, do esgotamento de governos de centro-esquerda, de intensas campanhas midi\u00e1ticas e de <em>lawfare<\/em>, de um golpe institucional em 2016 (que derrubou Dilma Rousseff) e da pris\u00e3o do principal favorito nas elei\u00e7\u00f5es de 2018 (Luiz In\u00e1cio Lula da Silva). Kast parece ser a r\u00e1pida e estruturada rea\u00e7\u00e3o de uma parte consider\u00e1vel da sociedade chilena que se calou desde 2019, que se aterrorizou com o <em>estallido <\/em>ou pelo menos considera que j\u00e1 \u00e9 tempo de p\u00f4r ordem na casa.<\/p>\n\n\n\n<p>Outra grande diferen\u00e7a \u00e9 que enquanto Bolsonaro sempre transitou no baixo clero e se apresentou como outsider pol\u00edtico, Kast prov\u00e9m de um cl\u00e3 pol\u00edtico-empresarial com fortes redes nos partidos de direita. Tanto a ala intimamente associada \u00e0 ditadura (\u00e9 irm\u00e3o mais novo de um dos personagens chave das reformas estruturais de Pinochet), como a nova direita liberal (encabe\u00e7ada por seu primo, o senador Felipe Kast), rapidamente manifestaram seu apoio no segundo turno.<\/p>\n\n\n\n<p><strong>\u00c9 poss\u00edvel o d\u00e9j\u00e0 vu? Chaves do segundo turno<\/strong><\/p>\n\n\n\n<p>At\u00e9 que ponto se poderia repetir no Chile um cen\u00e1rio como o que levou ao triunfo de Bolsonaro? O enredo da elei\u00e7\u00e3o brasileira esteve marcado pelo eixo corrup\u00e7\u00e3o\/anticorrup\u00e7\u00e3o, reproduzido na identifica\u00e7\u00e3o PT\/anti-PT. Nesse marco, as chaves antifascista, antiautorit\u00e1ria, antipatriarcal tiveram pouqu\u00edssima capacidade de mobilizar os eleitores em disputa no Brasil. No caso do Chile, Kast aposta em emoldurar a elei\u00e7\u00e3o como a disputa liberdade versus comunismo, algo que ecoa parcialmente a estrat\u00e9gia bolsonarista.<\/p>\n\n\n\n<p>Por\u00e9m, \u00e9 mais prov\u00e1vel que prevale\u00e7a o eixo ditadura\/democracia, pois foi essa a clivagem que pautou a democratiza\u00e7\u00e3o chilena e a direita s\u00f3 conseguiu quebr\u00e1-la com a figura de Sebasti\u00e1n Pi\u00f1era que, diferente dos partidos conservadores que o apoiam, nunca se identificou com a ditadura. A mem\u00f3ria chilena dos crimes de Pinochet contra parte importante da popula\u00e7\u00e3o est\u00e1 mais fresca que no Brasil, ainda mais depois das graves viola\u00e7\u00f5es aos direitos humanos cometidas durante o <em>estallido social<\/em>.<\/p>\n\n\n\n<p>Apesar do crescimento do setor pol\u00edtico de Boric ter se baseado na cr\u00edtica aos governos de centro-esquerda, seria impens\u00e1vel que suas principais figuras, como Ricardo Lagos, Michelle Bachelet ou a fam\u00edlia Frei (da Democracia Crist\u00e3), ficassem neutros ante a possibilidade de que uma candidatura claramente pinochetista chegasse a <em>La Moneda<\/em>. Todos os partidos da centro-esquerda e do centro j\u00e1 se posicionaram a favor de Boric, refor\u00e7ando a ideia de defesa da democracia.<\/p>\n\n\n\n<p>\u00c9 prov\u00e1vel que a estrat\u00e9gia de Boric se sustente tamb\u00e9m nos resultados do plebiscito constitucional: os que apoiaram a Nova Constitui\u00e7\u00e3o (80%) versus os que a rejeitaram para manter a Carta Magna de Pinochet (20%). Embora o apoio \u00e0 Conven\u00e7\u00e3o Constitucional esteja diminuindo, a maioria da popula\u00e7\u00e3o \u00e9 otimista sobre a Nova Constitui\u00e7\u00e3o. Os chilenos v\u00e3o arriscar todo o processo constituinte elegendo um Presidente que j\u00e1 prometeu faz\u00ea-lo naufragar?<\/p>\n\n\n\n<p>Se Boric for bem-sucedido em mostrar Kast como o candidato que promete voltar ao pior do passado, e se posicionar ele pr\u00f3prio como o candidato do Chile do futuro, com Nova Constitui\u00e7\u00e3o e com mudan\u00e7as respons\u00e1veis, o mais prov\u00e1vel \u00e9 que o pa\u00eds andino n\u00e3o repita o destino do Brasil. N\u00e3o h\u00e1 d\u00favidas de que em boa medida o destino da regi\u00e3o se jogar\u00e1 no Chile daqui at\u00e9 o dia 19 de dezembro. Aos defensores da democracia e da justi\u00e7a, caber\u00e1 unir for\u00e7as em torno da candidatura de Boric e da defesa do processo constituinte.<\/p>\n\n\n\n<p><meta charset=\"utf-8\"><sub><em>Alexis Cort\u00e9s<\/em> \u00e9 <em>Doutor em Sociologia pelo IESP-UERJ (Brasil), professor da Universidad Alberto Hurtado (Chile).<\/em><\/sub><\/p>\n","protected":false},"excerpt":{"rendered":"<p>Co-autor Alexis Cort\u00e9s<br \/>\nPor que uma sociedade que h\u00e1 apenas dois anos liderou uma das maiores mobiliza\u00e7\u00f5es sociais de sua hist\u00f3ria, questionando o governo do direitista Sebasti\u00e1n Pi\u00f1era, agora se volta para um candidato de extrema direita como sua primeira escolha?<\/p>\n","protected":false},"author":142,"featured_media":8420,"comment_status":"closed","ping_status":"closed","sticky":false,"template":"","format":"standard","meta":{"_acf_changed":false,"episode_type":"","audio_file":"","cover_image":"","cover_image_id":"","duration":"","filesize":"","filesize_raw":"","date_recorded":"","explicit":"","block":"","itunes_episode_number":"","itunes_title":"","itunes_season_number":"","itunes_episode_type":"","footnotes":""},"categories":[16765,544],"tags":[],"gps":[],"class_list":{"0":"post-8422","1":"post","2":"type-post","3":"status-publish","4":"format-standard","5":"has-post-thumbnail","7":"category-chile-es-pt-br","8":"category-politica-br"},"acf":[],"_links":{"self":[{"href":"https:\/\/latinoamerica21.com\/pt-br\/wp-json\/wp\/v2\/posts\/8422","targetHints":{"allow":["GET"]}}],"collection":[{"href":"https:\/\/latinoamerica21.com\/pt-br\/wp-json\/wp\/v2\/posts"}],"about":[{"href":"https:\/\/latinoamerica21.com\/pt-br\/wp-json\/wp\/v2\/types\/post"}],"author":[{"embeddable":true,"href":"https:\/\/latinoamerica21.com\/pt-br\/wp-json\/wp\/v2\/users\/142"}],"replies":[{"embeddable":true,"href":"https:\/\/latinoamerica21.com\/pt-br\/wp-json\/wp\/v2\/comments?post=8422"}],"version-history":[{"count":0,"href":"https:\/\/latinoamerica21.com\/pt-br\/wp-json\/wp\/v2\/posts\/8422\/revisions"}],"wp:featuredmedia":[{"embeddable":true,"href":"https:\/\/latinoamerica21.com\/pt-br\/wp-json\/wp\/v2\/media\/8420"}],"wp:attachment":[{"href":"https:\/\/latinoamerica21.com\/pt-br\/wp-json\/wp\/v2\/media?parent=8422"}],"wp:term":[{"taxonomy":"category","embeddable":true,"href":"https:\/\/latinoamerica21.com\/pt-br\/wp-json\/wp\/v2\/categories?post=8422"},{"taxonomy":"post_tag","embeddable":true,"href":"https:\/\/latinoamerica21.com\/pt-br\/wp-json\/wp\/v2\/tags?post=8422"},{"taxonomy":"gps","embeddable":true,"href":"https:\/\/latinoamerica21.com\/pt-br\/wp-json\/wp\/v2\/gps?post=8422"}],"curies":[{"name":"wp","href":"https:\/\/api.w.org\/{rel}","templated":true}]}}