{"id":8431,"date":"2021-12-05T06:00:00","date_gmt":"2021-12-05T09:00:00","guid":{"rendered":"http:\/\/latinoamerica21.com\/?p=8431"},"modified":"2021-12-03T10:43:59","modified_gmt":"2021-12-03T13:43:59","slug":"a-entrada-oficial-de-sergio-moro-na-politica","status":"publish","type":"post","link":"https:\/\/latinoamerica21.com\/pt-br\/a-entrada-oficial-de-sergio-moro-na-politica\/","title":{"rendered":"A entrada oficial de Sergio Moro na pol\u00edtica"},"content":{"rendered":"\n<p><em><strong>Co-autor Paulo Loiola<\/strong><\/em><\/p>\n\n\n\n<p><a href=\"https:\/\/www.cnnbrasil.com.br\/politica\/sergio-moro-se-filia-ao-podemos\/\">O evento da filia\u00e7\u00e3o partid\u00e1ria de Sergio Moro<\/a>, ex-juiz da <a href=\"http:\/\/latinoamerica21.com\/br\/os-zumbis-da-lava-jato-atacarao-em-2022\/\">Lava Jato e ex-ministro da justi\u00e7a de Jair Bolsonaro<\/a> (sem partido), ao PODEMOS, no dia 10 de novembro em Bras\u00edlia, confirma as recorrentes especula\u00e7\u00f5es das ambi\u00e7\u00f5es eleitorais do mesmo.&nbsp; Em seu discurso de cinquenta minutos durante a filia\u00e7\u00e3o, o tom de campanha foi evidente.<\/p>\n\n\n\n<p>At\u00e9 o momento, Moro \u00e9 o candidato do partido para ocupar a famosa \u201cterceira via\u201d na disputa da cadeira presidencial em 2022. H\u00e1 quem acredite que a suposta candidatura presidencial de Moro possa ser um \u201cbal\u00e3o de ensaio\u201d para o PODEMOS aumentar o seu poder de barganha na disputa. E o ex-juiz disputaria uma vaga ao Senado pelo estado do Paran\u00e1.<\/p>\n\n\n\n<p><strong>Sergio Moro e as pesquisas de inten\u00e7\u00e3o de voto<\/strong><\/p>\n\n\n\n<p>Se ser\u00e1 candidato \u00e0 presid\u00eancia ou n\u00e3o, somente o tempo dir\u00e1. Os dados recentes das sondagens de inten\u00e7\u00e3o de voto realizadas pela QUAEST\/GENIAL revelam que Moro ocupa a terceira posi\u00e7\u00e3o no cen\u00e1rio estimulado pelo instituto, com 8%. Um percentual bastante modesto se comparado aos atuais 48% do ex-presidente Lula (PT) e 21% de Jair Bolsonaro. Contudo, nada desprez\u00edvel diante dos modestos 6% de Ciro Gomes (PDT), por exemplo, que vem de uma disputa \u00e0 presid\u00eancia em que conquistou 12% dos votos, al\u00e9m deste j\u00e1 dispor de uma equipe de campanha liderada por um estrelado marqueteiro.<\/p>\n\n\n\n<p>Sem d\u00favida, a filia\u00e7\u00e3o de Moro acende um sinal de alerta nas pr\u00e9-campanhas dos diversos candidatos da \u201cterceira via\u201d e, talvez de modo ainda mais interessante, no n\u00facleo de Jair Bolsonaro. A participa\u00e7\u00e3o do seu ex-ministro da Justi\u00e7a na mesma corrida eleitoral obrigar\u00e1 Bolsonaro a duelar com a figura que contribuiu para a conquista de um nicho espec\u00edfico do seu eleitorado de 2018, os apoiadores da Lava Jato. \u00c9 certo que ambos miram em um eleitor de perfil ideol\u00f3gico \u00e0 direita, desse modo, a busca pela conquista desse eleitorado, seja na pauta de costumes seja na pauta econ\u00f4mica, obrigar\u00e1 que ambos se ataquem.<\/p>\n\n\n\n<p>Al\u00e9m de disputar p\u00fablico, disputar\u00e3o tamb\u00e9m bases partid\u00e1rias, o REPUBLICANOS, partido que vem fazendo parte da base de Bolsonaro desde o in\u00edcio de seu mandato est\u00e1 tamb\u00e9m em di\u00e1logo com Moro, o mesmo efeito certamente acontecer\u00e1 com financiadores e apoiadores em geral.<\/p>\n\n\n\n<p>Ao assumir a miss\u00e3o de pr\u00e9-candidato, Moro faz ataques ao governo federal e segue em busca de aten\u00e7\u00e3o do p\u00fablico. O movimento atual \u00e9 influenciar o debate acerca do <a href=\"http:\/\/latinoamerica21.com\/br\/auxilio-brasil-uma-corrida-de-obstaculos\/\">Aux\u00edlio Brasil<\/a>, programa que ir\u00e1 substituir o Bolsa Fam\u00edlia. O ex-juiz se coloca na oposi\u00e7\u00e3o ao governo federal, dividindo o espa\u00e7o at\u00e9 ent\u00e3o protagonizado por Lula e Ciro Gomes.&nbsp; Esse \u00faltimo \u00e9 um dos grandes perdedores da entrada de Moro no jogo, j\u00e1 que potencialmente dificulta a entrada junto ao eleitor de centro-direita.<\/p>\n\n\n\n<p><strong>O que dizem as m\u00eddias sociais sobre a poss\u00edvel terceira via?<\/strong><\/p>\n\n\n\n<p>Dados das m\u00eddias sociais da consultoria de <em>Social Listening<\/em> \u201cA Estrat\u00e9gia\u201d \u2013 levantados de 6 a 12 de novembro \u2013 revelam que a filia\u00e7\u00e3o de Sergio Moro ao PODEMOS gerou 18,6 mil postagens, com um alcance de 10,8 milh\u00f5es de pessoas e 973,4 mil intera\u00e7\u00f5es nas redes. Um n\u00famero bastante elevado.<\/p>\n\n\n\n<p>Por\u00e9m, se levarmos em considera\u00e7\u00e3o a segmenta\u00e7\u00e3o por rede social, notamos que 91% do \u201cbarulho\u201d concentra-se somente no Twitter. \u00c9 sabido que essa rede concentra majoritariamente pessoas com alto interesse em pol\u00edtica, al\u00e9m de jornalistas, pol\u00edticos e especialistas. \u00c9 poss\u00edvel especular que o evento n\u00e3o repercutiu de modo amplo em redes mais populares ao cidad\u00e3o comum, como o Facebook, por exemplo, em que houve pouco mais de mil men\u00e7\u00f5es ao ex-juiz. N\u00famero ainda mais baixo foi identificado no Instagram, somente 155 men\u00e7\u00f5es.<\/p>\n\n\n\n<p>Apesar das men\u00e7\u00f5es concentrarem-se no Twitter, o maior alcance encontrado foi no Facebook, chegando a 7 milh\u00f5es de pessoas e mostrando a ader\u00eancia da plataforma na vida dos brasileiros.<\/p>\n\n\n\n<p>Outro dado que chama aten\u00e7\u00e3o \u00e9 que quase 70% das men\u00e7\u00f5es s\u00e3o oriundas de homens, sendo que desses 60% est\u00e3o na faixa de 26 a 40 anos, colocando uma dificuldade de conquista do p\u00fablico feminino em quest\u00e3o.<\/p>\n\n\n\n<p>Ainda sobre o levantamento \u00e9 importante notar tamb\u00e9m que boa parte das cita\u00e7\u00f5es foram em fun\u00e7\u00e3o das cr\u00edticas recebidas pelo candidato. Por\u00e9m, na din\u00e2mica atual das redes precisamos entender que o fato do candidato ter muitas men\u00e7\u00f5es j\u00e1 \u00e9 significativo em termos de capilaridade eleitoral, trata-se do famoso \u201cfale mal, mas fale de mim\u201d, j\u00e1 t\u00e3o utilizado por Bolsonaro no passado.<\/p>\n\n\n\n<p>A lista das cidades em que foram identificadas as postagens revelam que o assunto foi altamente concentrado em quatro cidades: S\u00e3o Paulo (1.520 men\u00e7\u00f5es), Rio de Janeiro (816), Belo Horizonte (314) e Curitiba (282). Assim, apesar de gozar de conhecimento nacional, tendo em vista sua constante apari\u00e7\u00e3o durante a cobertura midi\u00e1tica da Lava Jato, a entrada oficial de Moro na pol\u00edtica ainda n\u00e3o ganhou o pa\u00eds.<\/p>\n\n\n\n<p>N\u00e3o h\u00e1 d\u00favidas que a entrada de Moro no jogo eleitoral mexe com o tabuleiro eleitoral, seu movimento nas redes vem se mostrando acertado e j\u00e1 h\u00e1 evid\u00eancias de bom alinhamento partid\u00e1rio entre suas pautas de seguran\u00e7a p\u00fablica e seu novo partido, o PODEMOS, que vem assumindo tamb\u00e9m para si essas pautas.<\/p>\n\n\n\n<p><meta charset=\"utf-8\"><sub><em>Paulo Loiola<\/em> \u00e9 <em>Mestre em gest\u00e3o p\u00fablica pela FGV, estrategista pol\u00edtico e s\u00f3cio-fundador da Baselab.cc, consultoria especializada em estrat\u00e9gias inovadoras de campanhas eleitorais e mandatos progressista.<\/em><\/sub><\/p>\n","protected":false},"excerpt":{"rendered":"<p>Co-autor Paulo Loiola<br \/>\nA filia\u00e7\u00e3o partid\u00e1ria de Sergio Moro, antigo juiz da Opera\u00e7\u00e3o Car Wash e ex-ministro da justi\u00e7a de Jair Bolsonaro, ao partido pol\u00edtico PODEMOS confirma a especula\u00e7\u00e3o recorrente sobre suas ambi\u00e7\u00f5es eleitorais. <\/p>\n","protected":false},"author":224,"featured_media":8428,"comment_status":"closed","ping_status":"closed","sticky":false,"template":"","format":"standard","meta":{"_acf_changed":false,"episode_type":"","audio_file":"","cover_image":"","cover_image_id":"","duration":"","filesize":"","filesize_raw":"","date_recorded":"","explicit":"","block":"","itunes_episode_number":"","itunes_title":"","itunes_season_number":"","itunes_episode_type":"","footnotes":""},"categories":[16728,544],"tags":[],"gps":[],"class_list":{"0":"post-8431","1":"post","2":"type-post","3":"status-publish","4":"format-standard","5":"has-post-thumbnail","7":"category-brasil-pt-br","8":"category-politica-br"},"acf":[],"_links":{"self":[{"href":"https:\/\/latinoamerica21.com\/pt-br\/wp-json\/wp\/v2\/posts\/8431","targetHints":{"allow":["GET"]}}],"collection":[{"href":"https:\/\/latinoamerica21.com\/pt-br\/wp-json\/wp\/v2\/posts"}],"about":[{"href":"https:\/\/latinoamerica21.com\/pt-br\/wp-json\/wp\/v2\/types\/post"}],"author":[{"embeddable":true,"href":"https:\/\/latinoamerica21.com\/pt-br\/wp-json\/wp\/v2\/users\/224"}],"replies":[{"embeddable":true,"href":"https:\/\/latinoamerica21.com\/pt-br\/wp-json\/wp\/v2\/comments?post=8431"}],"version-history":[{"count":0,"href":"https:\/\/latinoamerica21.com\/pt-br\/wp-json\/wp\/v2\/posts\/8431\/revisions"}],"wp:featuredmedia":[{"embeddable":true,"href":"https:\/\/latinoamerica21.com\/pt-br\/wp-json\/wp\/v2\/media\/8428"}],"wp:attachment":[{"href":"https:\/\/latinoamerica21.com\/pt-br\/wp-json\/wp\/v2\/media?parent=8431"}],"wp:term":[{"taxonomy":"category","embeddable":true,"href":"https:\/\/latinoamerica21.com\/pt-br\/wp-json\/wp\/v2\/categories?post=8431"},{"taxonomy":"post_tag","embeddable":true,"href":"https:\/\/latinoamerica21.com\/pt-br\/wp-json\/wp\/v2\/tags?post=8431"},{"taxonomy":"gps","embeddable":true,"href":"https:\/\/latinoamerica21.com\/pt-br\/wp-json\/wp\/v2\/gps?post=8431"}],"curies":[{"name":"wp","href":"https:\/\/api.w.org\/{rel}","templated":true}]}}