{"id":8496,"date":"2021-12-02T11:17:00","date_gmt":"2021-12-02T14:17:00","guid":{"rendered":"http:\/\/latinoamerica21.com\/?p=8496"},"modified":"2021-12-09T11:19:51","modified_gmt":"2021-12-09T14:19:51","slug":"serao-viaveis-os-acordos-da-cupula-da-norte-america","status":"publish","type":"post","link":"https:\/\/latinoamerica21.com\/pt-br\/serao-viaveis-os-acordos-da-cupula-da-norte-america\/","title":{"rendered":"Ser\u00e3o vi\u00e1veis os acordos da C\u00fapula da Norte-Am\u00e9rica?"},"content":{"rendered":"\n<p>O encontro entre o Presidente Joe Biden, o Primeiro Ministro canadiano Justin Trudeau e o Presidente mexicano Andr\u00e9s Manuel L\u00f3pez Obrador na C\u00fapula de l\u00edderes da Am\u00e9rica do Norte do passado 18 de Novembro foi o marco para refor\u00e7ar a integra\u00e7\u00e3o e tra\u00e7ar um novo caminho em linha com os desafios globais.<\/p>\n\n\n\n<p>Em primeiro lugar, embora a passagem de mexicanos com vistos americanos para os Estados Unidos tenha sido retomada ap\u00f3s quase 20 meses de fronteira fechada, \u00e9 necess\u00e1rio contar com maior apoio do governo americano para aumentar a cobertura da vacina\u00e7\u00e3o nas comunidades fronteiri\u00e7as de ambos os lados, a fim de avan\u00e7ar para uma fronteira segura. Nos Estados Unidos, a popula\u00e7\u00e3o totalmente vacinada \u00e9 de 59%, enquanto que no M\u00e9xico \u00e9 de quase 50%, de acordo com <em>Our World in Data<\/em> de 18 de novembro.<\/p>\n\n\n\n<p>Um acordo relevante dessa C\u00fapula foi o de uma prepara\u00e7\u00e3o conjunta para enfrentar as pr\u00f3ximas pandemias e amea\u00e7as \u00e0 sa\u00fade. Para este fim, ser\u00e1 atualizado o Plano Norte-Americano de Pandemia e Gripe Animal (NAPAPI), que foi um modelo eficaz de governan\u00e7a binacional para controlar a pandemia de H1N1 e que foi posto de lado por raz\u00f5es de seguran\u00e7a nacional pelo ent\u00e3o Presidente Trump.<\/p>\n\n\n\n<p>Outra proposta importante foi a de reconstruir a competitividade e impulsionar o crescimento. Para este fim, foi acordado refor\u00e7ar e coordenar as cadeias de abastecimento de ambos os pa\u00edses e definir as ind\u00fastrias essenciais para minimizar futuras perturba\u00e7\u00f5es. Foi tamb\u00e9m reconhecido que a regi\u00e3o necessita de cadeias de abastecimento resistentes, sustent\u00e1veis, diversificadas e seguras para garantir o crescimento econ\u00f4mico.<\/p>\n\n\n\n<p>Na mesma linha, procura-se refor\u00e7ar as liga\u00e7\u00f5es entre pequenas e m\u00e9dias empresas entre os tr\u00eas pa\u00edses, promover o empreendedorismo feminino e impulsionar a inova\u00e7\u00e3o. Neste sentido, as pol\u00edticas criativas, culturais e de economia social solid\u00e1ria s\u00e3o estrat\u00e9gias centrais na gera\u00e7\u00e3o de empregos para grupos vulner\u00e1veis.<\/p>\n\n\n\n<p><strong>Medidas para combater a crise clim\u00e1tica<\/strong><\/p>\n\n\n\n<p>Os l\u00edderes dos tr\u00eas pa\u00edses comprometeram-se a adotar medidas concretas para combater a crise clim\u00e1tica, incluindo a cria\u00e7\u00e3o de uma estrat\u00e9gia norte-americana de metano e carbono negro para reduzir as emiss\u00f5es de metano de todos os sectores, especialmente petr\u00f3leo e g\u00e1s. Tamb\u00e9m concordaram reduzir as emiss\u00f5es dos ve\u00edculos e motores diesel.<\/p>\n\n\n\n<p>Os governos concordaram em acelerar a implementa\u00e7\u00e3o das energias renov\u00e1veis, incluindo assist\u00eancia t\u00e9cnica, partilha das melhores pr\u00e1ticas, e iniciativas para catalisar finan\u00e7as e tecnologia. Uma estrat\u00e9gia priorit\u00e1ria para o governo dos EUA \u00e9 acelerar a transi\u00e7\u00e3o para o transporte sustent\u00e1vel, incluindo o desenvolvimento de ve\u00edculos el\u00e9ctricos.<\/p>\n\n\n\n<p>Em rela\u00e7\u00e3o \u00e0 fronteira EUA-M\u00e9xico, foi acordado desenvolver planos para reunir os principais estados e cidades norte-americanas como contribuintes para v\u00e1rias estrat\u00e9gias propostas com o objetivo de acelerar a a\u00e7\u00e3o clim\u00e1tica. Neste contexto, o Banco Norte-Americano de Desenvolvimento \u00e9 um dos principais instrumentos para incentivar projetos de resili\u00eancia ambiental.<\/p>\n\n\n\n<p>O governo mexicano reiterou a import\u00e2ncia dos fluxos migrat\u00f3rios e da mobilidade para os Estados Unidos, no contexto da necessidade de m\u00e3o-de-obra e do crescimento esperado da economia dos EUA na sequ\u00eancia do acordo bipartid\u00e1rio sobre o projeto de infraestrutura. Nesse quadro, os presidentes reconheceram a complexidade do aumento da migra\u00e7\u00e3o irregular -1,5 milh\u00f5es de migrantes irregulares detidos pelos Estados Unidos no ano fiscal 2020-2021- e a necessidade de uma governan\u00e7a eficaz a v\u00e1rios n\u00edveis, dando prioridade \u00e0 migra\u00e7\u00e3o ordenada, segura e regular.<\/p>\n\n\n\n<p>Neste quadro, concordaram em estabelecer um pacto regional sobre migra\u00e7\u00e3o e prote\u00e7\u00e3o para as Am\u00e9ricas, promover percursos de mobilidade laboral atrav\u00e9s da promo\u00e7\u00e3o de vistos de trabalhadores tempor\u00e1rios, e expandir centros de recursos migrat\u00f3rios centralizados na Am\u00e9rica Central, entre outras coisas. Tamb\u00e9m se comprometeram a anunciar programas e financiamentos adicionais para a cria\u00e7\u00e3o de empregos na Am\u00e9rica Latina e no Caribe.<\/p>\n\n\n\n<p>A viabilidade de uma pol\u00edtica de desenvolvimento e um controle eficaz da migra\u00e7\u00e3o nos pa\u00edses do Tri\u00e2ngulo Norte da Am\u00e9rica Central implica conciliar processos de governabilidade, governan\u00e7a e pol\u00edticas para um maior controlo da corrup\u00e7\u00e3o institucional, oferecendo mais garantias para que os recursos financeiros gerem os impactos sociais esperados.<\/p>\n\n\n\n<p>A reuni\u00e3o concordou em combater o crime transnacional e o terrorismo, e refor\u00e7ar a colabora\u00e7\u00e3o em mat\u00e9ria de defesa, atrav\u00e9s da ado\u00e7\u00e3o de uma abordagem coerente para recolher, armazenar, utilizar, reter e partilhar registros de nomes de passageiros de acordo com as normas e pr\u00e1ticas recomendadas pela Organiza\u00e7\u00e3o da Avia\u00e7\u00e3o Civil Internacional. O Grupo de Trabalho Trilateral sobre Tr\u00e1fico de Pessoas ser\u00e1 tamb\u00e9m reiniciado para combater o trabalho e o tr\u00e1fico sexual na regi\u00e3o e para assumir compromissos no Minist\u00e9rio da Defesa norte-americano (NADM), tais como a coopera\u00e7\u00e3o regional em mat\u00e9ria de defesa e seguran\u00e7a.<\/p>\n\n\n\n<p>Finalmente, o Presidente L\u00f3pez Obrador levantou a import\u00e2ncia de refor\u00e7ar o interesse nacional nas pol\u00edticas energ\u00e9ticas e el\u00e9tricas, e a import\u00e2ncia de conciliar pol\u00edticas como o controle da corrup\u00e7\u00e3o na atribui\u00e7\u00e3o de contratos, encorajando a competitividade e a sustentabilidade. Em conclus\u00e3o, os principais acordos assinados na C\u00fapula abordam quest\u00f5es t\u00e3o d\u00edspares como a gest\u00e3o da pandemia, a reativa\u00e7\u00e3o das cadeias de abastecimento, o emprego, as altera\u00e7\u00f5es clim\u00e1ticas e a migra\u00e7\u00e3o irregular. A quest\u00e3o \u00e9, quais destes aspectos podem realmente ser implemen<\/p>\n","protected":false},"excerpt":{"rendered":"<p>Os principais acordos assinados na C\u00fapula tratam de quest\u00f5es t\u00e3o diversas como gest\u00e3o de pandemia, revitaliza\u00e7\u00e3o das cadeias de abastecimento, emprego, mudan\u00e7a clim\u00e1tica e migra\u00e7\u00e3o irregular. <\/p>\n","protected":false},"author":277,"featured_media":8412,"comment_status":"closed","ping_status":"closed","sticky":false,"template":"","format":"standard","meta":{"_acf_changed":false,"episode_type":"","audio_file":"","cover_image":"","cover_image_id":"","duration":"","filesize":"","filesize_raw":"","date_recorded":"","explicit":"","block":"","itunes_episode_number":"","itunes_title":"","itunes_season_number":"","itunes_episode_type":"","footnotes":""},"categories":[16947,544],"tags":[],"gps":[],"class_list":{"0":"post-8496","1":"post","2":"type-post","3":"status-publish","4":"format-standard","5":"has-post-thumbnail","7":"category-internet-es-pt-br","8":"category-politica-br"},"acf":[],"_links":{"self":[{"href":"https:\/\/latinoamerica21.com\/pt-br\/wp-json\/wp\/v2\/posts\/8496","targetHints":{"allow":["GET"]}}],"collection":[{"href":"https:\/\/latinoamerica21.com\/pt-br\/wp-json\/wp\/v2\/posts"}],"about":[{"href":"https:\/\/latinoamerica21.com\/pt-br\/wp-json\/wp\/v2\/types\/post"}],"author":[{"embeddable":true,"href":"https:\/\/latinoamerica21.com\/pt-br\/wp-json\/wp\/v2\/users\/277"}],"replies":[{"embeddable":true,"href":"https:\/\/latinoamerica21.com\/pt-br\/wp-json\/wp\/v2\/comments?post=8496"}],"version-history":[{"count":0,"href":"https:\/\/latinoamerica21.com\/pt-br\/wp-json\/wp\/v2\/posts\/8496\/revisions"}],"wp:featuredmedia":[{"embeddable":true,"href":"https:\/\/latinoamerica21.com\/pt-br\/wp-json\/wp\/v2\/media\/8412"}],"wp:attachment":[{"href":"https:\/\/latinoamerica21.com\/pt-br\/wp-json\/wp\/v2\/media?parent=8496"}],"wp:term":[{"taxonomy":"category","embeddable":true,"href":"https:\/\/latinoamerica21.com\/pt-br\/wp-json\/wp\/v2\/categories?post=8496"},{"taxonomy":"post_tag","embeddable":true,"href":"https:\/\/latinoamerica21.com\/pt-br\/wp-json\/wp\/v2\/tags?post=8496"},{"taxonomy":"gps","embeddable":true,"href":"https:\/\/latinoamerica21.com\/pt-br\/wp-json\/wp\/v2\/gps?post=8496"}],"curies":[{"name":"wp","href":"https:\/\/api.w.org\/{rel}","templated":true}]}}