{"id":8697,"date":"2021-12-25T17:10:00","date_gmt":"2021-12-25T20:10:00","guid":{"rendered":"http:\/\/latinoamerica21.com\/?p=8697"},"modified":"2021-12-25T17:10:41","modified_gmt":"2021-12-25T20:10:41","slug":"as-eleicoes-e-uma-mudanca-epocal-para-o-chile","status":"publish","type":"post","link":"https:\/\/latinoamerica21.com\/pt-br\/as-eleicoes-e-uma-mudanca-epocal-para-o-chile\/","title":{"rendered":"As elei\u00e7\u00f5es e uma mudan\u00e7a epocal para o Chile"},"content":{"rendered":"\n<p>A vit\u00f3ria de Gabriel Boric sobre Jos\u00e9 Antonio Kast no segundo turno das elei\u00e7\u00f5es presidenciais marca v\u00e1rios marcos que apontam para <a href=\"http:\/\/latinoamerica21.com\/es\/el-nuevo-gobierno-en-chile-seguira-por-la-senda-del-cambio\/\">uma mudan\u00e7a epocal na pol\u00edtica chilena<\/a>. Nativo de Punta Arenas, no extremo sul do pa\u00eds, e com 36 anos quando tomar posse, Boric ser\u00e1 o presidente mais jovem da hist\u00f3ria do pa\u00eds (a exig\u00eancia legal \u00e9 de pelo menos 35 anos) e o primeiro em d\u00e9cadas a n\u00e3o vir da Zona Central, o cora\u00e7\u00e3o do pa\u00eds onde a capital est\u00e1 localizada. Mais importante, talvez, \u00e9 o fato de que Boric, um militante do partido <em>Convergencia Social<\/em>, ser\u00e1 o primeiro presidente que n\u00e3o pertence a nenhuma das duas coaliz\u00f5es pol\u00edticas de centro-esquerda e centro-direita (<em>Concertaci\u00f3n<\/em> e <em>Chile Vamos<\/em>) que governam o Chile desde o retorno \u00e0 democracia em 1990.<\/p>\n\n\n\n<p>A hist\u00f3ria do triunfo de Boric \u00e9 a de um candidato improv\u00e1vel. Sua lideran\u00e7a foi forjada nas mobiliza\u00e7\u00f5es estudantis de 2011 quando era estudante de direito, ganhando em 2013 um assento na C\u00e2mara dos Deputados para sua regi\u00e3o natal de Magallanes e sendo reeleito em 2017. No ano passado, o nome de Boric n\u00e3o estava nas pesquisas e ele chegou perto de n\u00e3o conseguir as 24.000 assinaturas necess\u00e1rias para competir nas prim\u00e1rias de sua coaliz\u00e3o (<em>Apruebo Dignidad<\/em>).<\/p>\n\n\n\n<p>Em julho deste ano, sua vit\u00f3ria naquelas prim\u00e1rias contra Daniel Jadue, o popular prefeito do Partido Comunista, foi uma surpresa para todos. Parte de seu sucesso pode ser explicado por sua decis\u00e3o &#8211; contra o esperado pelo seu partido- de assinar durante a onda de protestos em 2019 o acordo que deu origem ao atual processo constituinte, refletindo uma vontade de di\u00e1logo com diferentes setores.<\/p>\n\n\n\n<p>A coaliz\u00e3o vencedora de Boric \u00e9 diversa. De um ponto de vista social, o voto feminino, urbano, juvenil e popular distrital foram a chave de sua vit\u00f3ria. Politicamente, Boric conseguiu passar de menos de 26% no primeiro turno para quase 56% no segundo turno gra\u00e7as ao apoio da antiga Concerta\u00e7\u00e3o, o que exigiu uma modera\u00e7\u00e3o discursiva e program\u00e1tica.<\/p>\n\n\n\n<p>Franco Parisi, o l\u00edder do Partido Popular &#8211; o partido com mais militantes do pa\u00eds e que ficou em terceiro lugar no primeiro turno &#8211; finalmente deu seu apoio a Kast, mas parece que seus eleitores estavam divididos durante a elei\u00e7\u00e3o. Resta saber se ele incorporar\u00e1 alguns dos partidos de centro-esquerda em seu governo, o que poderia significar o fim definitivo da pol\u00edtica de alian\u00e7as que sustentou a Concertaci\u00f3n.<\/p>\n\n\n\n<p>Deve-se notar que Kast ganhou em partes do pa\u00eds que revelam desafios para o presidente eleito. A direita ganhou em comunas da fronteira norte, como Colchane (95% de apoio a Kast) que experimentaram diretamente os efeitos da crise migrat\u00f3ria venezuelana. O apoio a Kast tamb\u00e9m foi forte nas comunas mais ricas de Santiago, como Las Condes (73%), lar de grande parte da elite econ\u00f4mica do Chile. Kast tamb\u00e9m ganhou confortavelmente em La Araucan\u00eda (60%), a regi\u00e3o mais pobre do Chile e o ponto focal do conflito entre o Estado chileno e parte do povo mapuche.<\/p>\n\n\n\n<p>Os resultados sugerem, no entanto, que Boric tem um forte mandato para fazer as mudan\u00e7as que prometeu em sua campanha. O candidato do <em>Frente Amplio<\/em> ganhou por quase doze pontos sobre Kast e obteve mais de 4,6 milh\u00f5es de votos &#8211; o maior n\u00famero de votos na hist\u00f3ria eleitoral do pa\u00eds. No segundo turno, al\u00e9m disso, cerca de 54% do eleitorado participou, uma porcentagem de eleitores n\u00e3o vista desde a introdu\u00e7\u00e3o do voto volunt\u00e1rio. Entretanto, a vit\u00f3ria tamb\u00e9m apresenta nuances, visto que grande parte da vota\u00e7\u00e3o do segundo turno corresponde a &#8220;empr\u00e9stimos&#8221; de simpatizantes de outros setores e eleitores que reagiram negativamente \u00e0 candidatura de Kast.<\/p>\n\n\n\n<p>Ao mesmo tempo, por\u00e9m, Boric ter\u00e1 muita dificuldade para implementar seu programa. O prolongamento da pandemia e a m\u00e1 situa\u00e7\u00e3o econ\u00f4mica complicar\u00e3o o aumento dos gastos sociais de forma fiscalmente respons\u00e1vel. Por outro lado, o Congresso que ser\u00e1 inaugurado em mar\u00e7o de 2022, juntamente com o Boric, ser\u00e1 bastante fragmentado. <em>Apruebo Dignidad<\/em> ter\u00e1 apenas 37 dos 155 assentos na C\u00e2mara e cinco dos 50 assentos no Senado. O di\u00e1logo em dire\u00e7\u00e3o ao centro ser\u00e1, portanto, obrigat\u00f3rio.<\/p>\n\n\n\n<p>Sua elei\u00e7\u00e3o \u00e9, no entanto, uma boa not\u00edcia para a Conven\u00e7\u00e3o Constituinte, que tem tido dificuldades de funcionamento sob o atual governo. As expectativas s\u00e3o altas e muita habilidade de governo ser\u00e1 necess\u00e1ria.<\/p>\n","protected":false},"excerpt":{"rendered":"<p>A elei\u00e7\u00e3o de Boric \u00e9 uma boa not\u00edcia para a Conven\u00e7\u00e3o Constituinte que teve problemas de funcionamento sob o governo atual. As expectativas s\u00e3o altas e ser\u00e1 preciso muita habilidade para governar.<\/p>\n","protected":false},"author":222,"featured_media":8666,"comment_status":"closed","ping_status":"closed","sticky":false,"template":"","format":"standard","meta":{"_acf_changed":false,"episode_type":"","audio_file":"","cover_image":"","cover_image_id":"","duration":"","filesize":"","filesize_raw":"","date_recorded":"","explicit":"","block":"","itunes_episode_number":"","itunes_title":"","itunes_season_number":"","itunes_episode_type":"","footnotes":""},"categories":[16711,16975],"tags":[],"gps":[],"class_list":{"0":"post-8697","1":"post","2":"type-post","3":"status-publish","4":"format-standard","5":"has-post-thumbnail","7":"category-elecciones-pt-br","8":"category-gabriel-boric-pt-br"},"acf":[],"_links":{"self":[{"href":"https:\/\/latinoamerica21.com\/pt-br\/wp-json\/wp\/v2\/posts\/8697","targetHints":{"allow":["GET"]}}],"collection":[{"href":"https:\/\/latinoamerica21.com\/pt-br\/wp-json\/wp\/v2\/posts"}],"about":[{"href":"https:\/\/latinoamerica21.com\/pt-br\/wp-json\/wp\/v2\/types\/post"}],"author":[{"embeddable":true,"href":"https:\/\/latinoamerica21.com\/pt-br\/wp-json\/wp\/v2\/users\/222"}],"replies":[{"embeddable":true,"href":"https:\/\/latinoamerica21.com\/pt-br\/wp-json\/wp\/v2\/comments?post=8697"}],"version-history":[{"count":0,"href":"https:\/\/latinoamerica21.com\/pt-br\/wp-json\/wp\/v2\/posts\/8697\/revisions"}],"wp:featuredmedia":[{"embeddable":true,"href":"https:\/\/latinoamerica21.com\/pt-br\/wp-json\/wp\/v2\/media\/8666"}],"wp:attachment":[{"href":"https:\/\/latinoamerica21.com\/pt-br\/wp-json\/wp\/v2\/media?parent=8697"}],"wp:term":[{"taxonomy":"category","embeddable":true,"href":"https:\/\/latinoamerica21.com\/pt-br\/wp-json\/wp\/v2\/categories?post=8697"},{"taxonomy":"post_tag","embeddable":true,"href":"https:\/\/latinoamerica21.com\/pt-br\/wp-json\/wp\/v2\/tags?post=8697"},{"taxonomy":"gps","embeddable":true,"href":"https:\/\/latinoamerica21.com\/pt-br\/wp-json\/wp\/v2\/gps?post=8697"}],"curies":[{"name":"wp","href":"https:\/\/api.w.org\/{rel}","templated":true}]}}