{"id":8943,"date":"2022-01-24T09:09:32","date_gmt":"2022-01-24T12:09:32","guid":{"rendered":"http:\/\/latinoamerica21.com\/?p=8943"},"modified":"2022-01-24T09:10:31","modified_gmt":"2022-01-24T12:10:31","slug":"bolsonaro-aposta-no-apagao-de-dados-da-covid-19-e-estamos-achando-normal","status":"publish","type":"post","link":"https:\/\/latinoamerica21.com\/pt-br\/bolsonaro-aposta-no-apagao-de-dados-da-covid-19-e-estamos-achando-normal\/","title":{"rendered":"Bolsonaro aposta no apag\u00e3o de dados da Covid-19, e estamos achando normal"},"content":{"rendered":"\n<p>Logo nos primeiros dias de 2022, o mundo registrou recordes consecutivos de infec\u00e7\u00f5es por Covid-19, causados principalmente pela variante \u00d4micron. Ao mesmo tempo, o Brasil completava um m\u00eas sem informar seus n\u00fameros de casos da doen\u00e7a. Em meio ao pior apag\u00e3o de dados da pandemia, cientistas como Natalia Pasternak, Miguel Nicolelis e \u00c1tila Iamarino pareciam gritar sozinhos que o pa\u00eds estava cego de sua pandemia, enquanto na imprensa o problema j\u00e1 n\u00e3o parecia incomodar tanto.<\/p>\n\n\n\n<p>Este n\u00e3o foi o primeiro apag\u00e3o de dados da pandemia no Brasil. Em 2020, quando o Governo Federal decidiu pela primeira vez adotar uma pol\u00edtica baseada no apag\u00e3o, diversos setores da sociedade, como \u00f3rg\u00e3os de m\u00eddia, pol\u00edticos, especialistas e influenciadores digitais, reagiram com for\u00e7a em nome da defesa da vida e da transpar\u00eancia. De l\u00e1 para c\u00e1, outros apag\u00f5es ocorreram, mas por que agora, em 2022, parece que o brasileiro se importa menos? O que aconteceu com o jornalismo e seu papel de \u201cc\u00e3o de guarda\u201d logo agora que a pandemia voltou a crescer em meio a uma variante ainda mais contagiosa?<\/p>\n\n\n\n<p>Uma poss\u00edvel resposta pode estar na compara\u00e7\u00e3o entre o contexto de 2020 e o de 2022.&nbsp;&nbsp;<\/p>\n\n\n\n<p><strong>Acabou mat\u00e9ria no Jornal Nacional<\/strong><\/p>\n\n\n\n<p>Analisando cerca de 3 milh\u00f5es de tweets entre os dias 3 e 10 de junho de 2020, foi observado que houve um crescente uso do enquadramento discursivo da culpabilidade em rela\u00e7\u00e3o ao Governo Federal na m\u00e1 gest\u00e3o da pandemia, alcan\u00e7ando o seu maior pico no dia 8 de junho.<\/p>\n\n\n\n<p>O motivo: no dia 3 de junho o Minist\u00e9rio da Sa\u00fade atrasou pela primeira vez a divulga\u00e7\u00e3o dos dados oficiais sobre o n\u00famero de mortos e infectados para as 22h. Assim, ele impediria que os horr\u00edveis n\u00fameros da pandemia fossem divulgados \u00e0s 20h no jornal mais tradicional do pa\u00eds veiculado pela Rede Globo, no seu hor\u00e1rio de maior audi\u00eancia.<\/p>\n\n\n\n<p>Dois dias depois, no dia 5, Bolsonaro amea\u00e7ou deixar a Organiza\u00e7\u00e3o Mundial da Sa\u00fade (OMS), alegando que a institui\u00e7\u00e3o teria uma atua\u00e7\u00e3o \u201cpartid\u00e1ria\u201d. No dia 6, foi definido de forma oficial o hor\u00e1rio das 22 horas para a divulga\u00e7\u00e3o dos dados sobre mortos e infectados. &#8220;Acabou mat\u00e9ria no Jornal Nacional\u201d, comemorou Bolsonaro em uma entrevista \u00e0 CNN Brasil.<\/p>\n\n\n\n<p>A atitude do governo teve uma resposta r\u00e1pida da imprensa naquele ano. A partir daquele dia, os maiores ve\u00edculos se uniram para formar um cons\u00f3rcio com objetivo de reunir e divulgar os dados da pandemia. A coleta dos n\u00fameros passou a ser feita diretamente com os estados, n\u00e3o mais dependendo da divulga\u00e7\u00e3o pelo Governo Federal.&nbsp;<\/p>\n\n\n\n<p>A decis\u00e3o de mudar o hor\u00e1rio de divulga\u00e7\u00e3o foi vista por v\u00e1rios setores da sociedade como uma tentativa de esconder os dados, definindo-a como o primeiro \u201capag\u00e3o\u201d. A medida teve um claro car\u00e1ter de embate com a m\u00eddia nacional, o que pode ter contribu\u00eddo para que a mesma reagisse de forma mais contundente que em 2022.&nbsp;<\/p>\n\n\n\n<p>Neste primeiro m\u00eas de 2022, apesar da grande acelera\u00e7\u00e3o dos cont\u00e1gios e mortes, o avan\u00e7o da vacina\u00e7\u00e3o, o ambiente pr\u00e9-eleitoral e a narrativa de que a variante \u00d4micron \u00e9 mais contagiosa, por\u00e9m menos mort\u00edfera, unido ao desejo de supera\u00e7\u00e3o da pandemia, parece estar impedindo que o tema do apag\u00e3o se torne t\u00e3o importante como foi em 2020 e choque jornalistas e a opini\u00e3o p\u00fablica.<\/p>\n\n\n\n<p>Em 2020, uma s\u00e9rie de condi\u00e7\u00f5es acumuladas gerou a explos\u00e3o de atribui\u00e7\u00f5es de culpa ao Governo Federal e tornou o t\u00f3pico do apag\u00e3o central. Entre elas, a piora sistem\u00e1tica da pandemia, os embates entre Bolsonaro e boa parte da grande m\u00eddia, a esperan\u00e7a de diversos setores de potenciar o desgaste de Bolsonaro perante a opini\u00e3o p\u00fablica e a crise econ\u00f4mica associada \u00e0 Covid-19.&nbsp;<\/p>\n\n\n\n<p>Em 2022, essa tend\u00eancia a acreditar, ou a querer acreditar, que a crise est\u00e1 prestes a acabar embora esteja piorando do ponto de vista objetivo, parece ter a mesma raiz das condi\u00e7\u00f5es que levaram a muitos brasileiros a evitar a vacina\u00e7\u00e3o e ao apego a solu\u00e7\u00f5es f\u00e1ceis como a cloroquina e outros f\u00e1rmacos \u201cmilagrosos\u201d. Se trata de percep\u00e7\u00f5es ditadas mais pelos desejos do que pela constata\u00e7\u00e3o da realidade. Por outro lado, o cansa\u00e7o causado pelas medidas de distanciamento social pode estar afetando inclusive o jornalismo no Brasil a n\u00e3o falar mais no apag\u00e3o dos dados como um dos principais problemas hoje.&nbsp;<\/p>\n\n\n\n<p><strong>Por que este \u00e9 o apag\u00e3o mais grave<\/strong><\/p>\n\n\n\n<p>O Brasil foi um dos pa\u00edses mais atingidos pela pandemia no mundo. Embora corresponda a s\u00f3 2% da popula\u00e7\u00e3o mundial, o pa\u00eds concentra 6% das infec\u00e7\u00f5es por Covid-19. Antes deste \u00faltimo apag\u00e3o de dados, que come\u00e7ou em dezembro de 2021, o pa\u00eds acumulava 8% dos casos do mundo, com seus mais de 20 milh\u00f5es de infectados. Em mortes, o Brasil perde apenas para os Estados Unidos.&nbsp;<\/p>\n\n\n\n<p>Em 13 de dezembro, o Minist\u00e9rio da Sa\u00fade informou ter sofrido um ataque hacker em todos os seus sistemas. A a\u00e7\u00e3o derrubou o acesso aos comprovantes de vacina\u00e7\u00e3o e, mais grave, impossibilitou que hospitais, laborat\u00f3rios e munic\u00edpios informassem os n\u00fameros de novas infec\u00e7\u00f5es e mortes. O problema levou um m\u00eas para ser resolvido e, ainda hoje, estados relatam instabilidades.&nbsp;&nbsp;<\/p>\n\n\n\n<p>Este \u00faltimo apag\u00e3o, no entanto, atingiu os dados em sua origem. Com todos os bancos de dados fora do ar, nem mesmo os estados conseguiam visualizar os n\u00fameros de casos e mortes. Durante um m\u00eas, o Brasil registrou n\u00fameros baix\u00edssimos de infec\u00e7\u00f5es e \u00f3bitos, passando a sensa\u00e7\u00e3o de que a pandemia caminhava para o fim.&nbsp;<\/p>\n\n\n\n<p>Enquanto praias e setores tur\u00edsticos seguem lotados, colocando \u00e0 prova a prote\u00e7\u00e3o das vacinas desenvolvidas, a coleta dos dados continua acontecendo, assim como a sua divulga\u00e7\u00e3o na m\u00eddia, ainda que os n\u00fameros n\u00e3o correspondam mais \u00e0 realidade. A falsa sensa\u00e7\u00e3o de que \u201ca pandemia est\u00e1 acabando\u201d foi refor\u00e7ada por uma divulga\u00e7\u00e3o acr\u00edtica de n\u00fameros.&nbsp;<\/p>\n\n\n\n<p>Agora, ap\u00f3s o problema ser parcialmente resolvido, os recordes de casos diariamente parecem assustar. As principais v\u00edtimas desta nova onda parecem ser as crian\u00e7as, ainda n\u00e3o vacinadas. A falta de transpar\u00eancia durante a pandemia \u00e9 uma pol\u00edtica de governo no Brasil, mas essa informa\u00e7\u00e3o n\u00e3o parece chegar ao p\u00fablico. Uma falha grave dos comunicadores durante uma pandemia que j\u00e1 matou mais de 600 mil pessoas no pa\u00eds.<\/p>\n","protected":false},"excerpt":{"rendered":"<p>Enquanto nos primeiros dias de 2022 o mundo registrou registros consecutivos de infec\u00e7\u00f5es por Covid-19, causadas principalmente pela variante Omicron, o Brasil marcou um m\u00eas sem informar o n\u00famero de casos da doen\u00e7a.<\/p>\n","protected":false},"author":15,"featured_media":8939,"comment_status":"closed","ping_status":"closed","sticky":false,"template":"","format":"standard","meta":{"_acf_changed":false,"episode_type":"","audio_file":"","cover_image":"","cover_image_id":"","duration":"","filesize":"","filesize_raw":"","date_recorded":"","explicit":"","block":"","itunes_episode_number":"","itunes_title":"","itunes_season_number":"","itunes_episode_type":"","footnotes":""},"categories":[16785,16708,16728,16746,16719,544],"tags":[],"gps":[],"class_list":{"0":"post-8943","1":"post","2":"type-post","3":"status-publish","4":"format-standard","5":"has-post-thumbnail","7":"category-covid-19-es-pt-br","8":"category-politica-pt-br","9":"category-brasil-pt-br","10":"category-jair-bolsonaro-pt-br","11":"category-debates-pt-br","12":"category-politica-br"},"acf":[],"_links":{"self":[{"href":"https:\/\/latinoamerica21.com\/pt-br\/wp-json\/wp\/v2\/posts\/8943","targetHints":{"allow":["GET"]}}],"collection":[{"href":"https:\/\/latinoamerica21.com\/pt-br\/wp-json\/wp\/v2\/posts"}],"about":[{"href":"https:\/\/latinoamerica21.com\/pt-br\/wp-json\/wp\/v2\/types\/post"}],"author":[{"embeddable":true,"href":"https:\/\/latinoamerica21.com\/pt-br\/wp-json\/wp\/v2\/users\/15"}],"replies":[{"embeddable":true,"href":"https:\/\/latinoamerica21.com\/pt-br\/wp-json\/wp\/v2\/comments?post=8943"}],"version-history":[{"count":0,"href":"https:\/\/latinoamerica21.com\/pt-br\/wp-json\/wp\/v2\/posts\/8943\/revisions"}],"wp:featuredmedia":[{"embeddable":true,"href":"https:\/\/latinoamerica21.com\/pt-br\/wp-json\/wp\/v2\/media\/8939"}],"wp:attachment":[{"href":"https:\/\/latinoamerica21.com\/pt-br\/wp-json\/wp\/v2\/media?parent=8943"}],"wp:term":[{"taxonomy":"category","embeddable":true,"href":"https:\/\/latinoamerica21.com\/pt-br\/wp-json\/wp\/v2\/categories?post=8943"},{"taxonomy":"post_tag","embeddable":true,"href":"https:\/\/latinoamerica21.com\/pt-br\/wp-json\/wp\/v2\/tags?post=8943"},{"taxonomy":"gps","embeddable":true,"href":"https:\/\/latinoamerica21.com\/pt-br\/wp-json\/wp\/v2\/gps?post=8943"}],"curies":[{"name":"wp","href":"https:\/\/api.w.org\/{rel}","templated":true}]}}