{"id":9034,"date":"2022-02-01T09:00:00","date_gmt":"2022-02-01T12:00:00","guid":{"rendered":"http:\/\/latinoamerica21.com\/?p=9034"},"modified":"2022-02-01T05:03:30","modified_gmt":"2022-02-01T08:03:30","slug":"o-cerebro-do-bolsonarismo-morreu-apos-contrair-covid","status":"publish","type":"post","link":"https:\/\/latinoamerica21.com\/pt-br\/o-cerebro-do-bolsonarismo-morreu-apos-contrair-covid\/","title":{"rendered":"O c\u00e9rebro do bolsonarismo morreu ap\u00f3s contrair Covid"},"content":{"rendered":"\n<p><strong><em>Co-autor Odilon Caldeira Neto<\/em><\/strong><\/p>\n\n\n\n<p>O guru fascista de Jair Messias Bolsonaro, <a href=\"https:\/\/www.bbc.com\/portuguese\/brasil-60124170\" target=\"_blank\" rel=\"noreferrer noopener\">Olavo de Carvalho, morreu ap\u00f3s contrair Covid<\/a>. Olavo, como seus seguidores o chamam, era um negacionista da pandemia e um anti-vacina firme e consistente. Ap\u00f3s sua morte, Bolsonaro disse que ele \u201chavia despertado muitos\u201d e o apresentou \u201ccomo um dos maiores pensadores do nosso pa\u00eds e um fil\u00f3sofo\u201d.\u00a0 N\u00e3o era nada disso. Olavo de Carvalho era um propagandista, grande inimigo da democracia brasileira e latino-americana e um sinal fiel de que vivemos em tempos de crise em que as ideias e mentiras mais disparatadas ocupam o centro do cen\u00e1rio pol\u00edtico mundial.<\/p>\n\n\n\n<p>Olavo de Carvalho foi um personagem que parecia ser tirado da imagina\u00e7\u00e3o do livro <em>A literatura nazista na Am\u00e9rica<\/em> por Roberto Bola\u00f1o. Assim como Luiz Fontaine de Souza, personagem fascista brasileiro inventado por Bola\u00f1o, Olavo de Carvalho foi autor de um n\u00famero abismal de livros com t\u00edtulos delirantes e sem nenhuma credibilidade acad\u00eamica. Entre os mais peculiares, cabe citar um dos mais famosos a t\u00edtulo de ilustra\u00e7\u00e3o, \u201cO m\u00ednimo que voc\u00ea precisa saber para n\u00e3o ser um idiota\u201d.<\/p>\n\n\n\n<p>Seus livros o consagraram. As ilus\u00f5es de grandeza deste agitador com pretens\u00f5es intelectuais, deslumbraram um grande n\u00famero de f\u00e3s. Steve Bannon, por exemplo, disse que \u201cOlavo \u00e9 um dos grandes intelectuais conservadores do mundo\u201d. Para explic\u00e1-lo em termos estadunidenses, o \u201cintelectual\u201d brasileiro representa uma combina\u00e7\u00e3o entre Bannon e Stephen Miller, mas mais ousado e esot\u00e9rico.<\/p>\n\n\n\n<p>Olavo se apresentou como um <em>outsider<\/em> acad\u00eamico, embora nada do que ele disse tivesse rigor cient\u00edfico. Basicamente, quase nada era verdade. Al\u00e9m de ser um profundo discriminador da diversidade, era terraplanista e negava as mudan\u00e7as clim\u00e1ticas. Ele odiava Albert Einstein, Galileu Galilei e ainda mais Isaac Newton. Al\u00e9m de ser um apoiador de Donald Trump, ele era um entusiasta da invas\u00e3o do Capit\u00f3lio, que descreveu como uma luta do povo contra uma elite globalista e comunista.<\/p>\n\n\n\n<p>Entre algumas de suas declara\u00e7\u00f5es mais proeminentes, afirmou que Biden era um \u201cretardado mental\u201d e que Kamala Harris era uma agente do Partido Comunista Chin\u00eas. Chegou a dizer que \u201cnem Mussolini imaginou que no futuro o fascismo seria reduzido a defender o \u00e2nus\u201d e como se isso n\u00e3o bastasse, advertiu que a Pepsi Cola \u00e9 feita com c\u00e9lulas de fetos humanos.<\/p>\n\n\n\n<p>Como pode ser que um personagem t\u00e3o grotesco como Olavo tenha tido tamanha influ\u00eancia no Brasil e no mundo? Olavo de Carvalho foi o l\u00edder intelectual de uma nova gera\u00e7\u00e3o de militantes e pol\u00edticos da extrema direita brasileira. Embora seu estilo tenha sido caracterizado pelo enfrentamento di\u00e1rio, inclusive com antigos e recentes aliados como o extremista de direita russo Alexander Duguin, suas ideias constitu\u00edram o principal guia ideol\u00f3gico para a constru\u00e7\u00e3o da campanha eleitoral e<a href=\"http:\/\/latinoamerica21.com\/br\/bolsonaro-queima-os-navios\/\" target=\"_blank\" rel=\"noreferrer noopener\"> do governo de Jair Bolsonaro<\/a>.<\/p>\n\n\n\n<p>Com o in\u00edcio do atual governo brasileiro, ficou evidente a presen\u00e7a de seus seguidores (ou se quiser, seus disc\u00edpulos) em cargos estrat\u00e9gicos, como os Minist\u00e9rios da Educa\u00e7\u00e3o e das Rela\u00e7\u00f5es Exteriores. Inclusive a Funda\u00e7\u00e3o Palmares, originalmente desenhada para promover a educa\u00e7\u00e3o e a cultura afro-brasileira, foi convertida em uma frente para a persegui\u00e7\u00e3o ao movimento afro-brasileiro.<\/p>\n\n\n\n<p>Esses espa\u00e7os foram estrategicamente ocupados por crentes em busca de uma guerra cultural contra supostos inimigos das ideias defendidas por Olavo de Carvalho, baseadas em preceitos reacion\u00e1rios, anti-iluministas e com uma tem\u00e1tica claramente fascista. Teorias conspirat\u00f3rias como o \u201cmarxismo cultural\u201d, o \u201cglobalismo\u201d ou mesmo a nega\u00e7\u00e3o e relativiza\u00e7\u00e3o da Escravid\u00e3o ou a defesa da Inquisi\u00e7\u00e3o, tornaram-se um componente de agita\u00e7\u00e3o e propaganda de militantes e membros do governo brasileiro que buscam propor um novo modelo de identidade nacional, baseado em valores fundamentalistas crist\u00e3os.<\/p>\n\n\n\n<p>Enquanto Olavo de Carvalho incorporou ideias e tend\u00eancias de setores radicais como a efervescente direita crist\u00e3 norte-americana a partir das d\u00e9cadas de 1980 e 1990, a cosmovis\u00e3o conspiracionista, hier\u00e1rquica e, n\u00e3o raramente, abertamente antidemocr\u00e1tica reviveu tradi\u00e7\u00f5es de organiza\u00e7\u00f5es hist\u00f3ricas de extrema-direita e do fascismo brasileiro.<\/p>\n\n\n\n<p>N\u00e3o surpreende, portanto, a semelhan\u00e7a entre alguns intelectuais fascistas, como o integralista Gustavo Barroso, cujas ideias circularam nos setores fascistas, religiosos e militares no Brasil do s\u00e9culo XX. Foram os meios pr\u00f3ximos a Olavo de Carvalho, inclusive, que serviram de espa\u00e7o para a celebra\u00e7\u00e3o de simbologias fascistas como a \u201cvers\u00e3o brasileira\u201d de Joseph Goebbels, encarnado por Roberto Alvim, ent\u00e3o secret\u00e1rio de Cultura de Bolsonaro.<\/p>\n\n\n\n<p>A frase \u201cOlavo tem raz\u00e3o\u201d, t\u00e3o pr\u00f3xima do mussoliniana, \u201cIl Duce ha sempre ragione\u201d, estampada em camisetas e cartazes em manifesta\u00e7\u00f5es de rua, foi outro dos slogans olavistas invocando a tradi\u00e7\u00e3o fascista.&nbsp;Ao retomar parte dessas ideias \u2013 e traz\u00ea-las ao campo pol\u00edtico nacional \u2013, Olavo de Carvalho e seus seguidores tamb\u00e9m reivindicam uma longa tradi\u00e7\u00e3o do pensamento pol\u00edtico brasileiro e latino-americano que trata, a partir de suas mitologias, a pol\u00edtica como um campo de batalha permeado por a\u00e7\u00f5es persecut\u00f3rias contra inimigos pol\u00edticos.<\/p>\n\n\n\n<p>A partir dessas categorias, a pol\u00edtica se converte em arma e instrumento dos processos de fascistiza\u00e7\u00e3o dos populismos de direita. Seu legado, que sem d\u00favida ser\u00e1 objeto de disputa entre seus seguidores mais proeminentes, foi dar protagonismo \u00e0s suas ideias de extrema-direita.&nbsp;N\u00e3o era um pensador original, mas um difusor do absurdo e de disparates autorit\u00e1rios que, no entanto, foram aplaudidos por muitos brasileiros.<\/p>\n\n\n\n<p>Um grande inimigo da democracia morreu, mas suas ideias, que j\u00e1 pertencem \u00e0 longa hist\u00f3ria do fascismo latino-americano, seguir\u00e3o vivas.<\/p>\n\n\n\n<p><em><sub>*A vers\u00e3o original deste texto foi publicada no Clar\u00edn, na Argentina.<\/sub><\/em><\/p>\n\n\n\n<p><em><sub>Odilon Caldeira Neto \u00e9 historiador, professor do Departamento de Hist\u00f3ria da Universidade Federal de Juiz de Fora e coordenador do Observat\u00f3rio da Extrema Direita. \u00c9 autor de v\u00e1rias publica\u00e7\u00f5es sobre fascismo, neo-fascismo e extrema direita. Seu livro mais recente \u00e9 &#8220;Fascismo em Camisas Verdes&#8221; (2020), com Leandro Pereira Gon\u00e7alves.<\/sub><\/em><\/p>\n\n\n\n<p><em><sub>Foto de Menezesfernandes<\/sub><\/em><a href=\"http:\/\/latinoamerica21.com\/#facebook\" target=\"_blank\" rel=\"noreferrer noopener\"><\/a><\/p>\n","protected":false},"excerpt":{"rendered":"<p>Olavo de Carvalho, um divulgador de absurdos e disparates autorit\u00e1rios e acima de tudo um grande inimigo da democracia, morreu, mas suas id\u00e9ias, que j\u00e1 pertencem \u00e0 longa hist\u00f3ria do fascismo latino-americano, continuar\u00e3o vivas.<\/p>\n","protected":false},"author":77,"featured_media":9031,"comment_status":"closed","ping_status":"closed","sticky":false,"template":"","format":"standard","meta":{"_acf_changed":false,"episode_type":"","audio_file":"","cover_image":"","cover_image_id":"","duration":"","filesize":"","filesize_raw":"","date_recorded":"","explicit":"","block":"","itunes_episode_number":"","itunes_title":"","itunes_season_number":"","itunes_episode_type":"","footnotes":""},"categories":[16728,546],"tags":[],"gps":[],"class_list":{"0":"post-9034","1":"post","2":"type-post","3":"status-publish","4":"format-standard","5":"has-post-thumbnail","7":"category-brasil-pt-br","8":"category-sociedad-br"},"acf":[],"_links":{"self":[{"href":"https:\/\/latinoamerica21.com\/pt-br\/wp-json\/wp\/v2\/posts\/9034","targetHints":{"allow":["GET"]}}],"collection":[{"href":"https:\/\/latinoamerica21.com\/pt-br\/wp-json\/wp\/v2\/posts"}],"about":[{"href":"https:\/\/latinoamerica21.com\/pt-br\/wp-json\/wp\/v2\/types\/post"}],"author":[{"embeddable":true,"href":"https:\/\/latinoamerica21.com\/pt-br\/wp-json\/wp\/v2\/users\/77"}],"replies":[{"embeddable":true,"href":"https:\/\/latinoamerica21.com\/pt-br\/wp-json\/wp\/v2\/comments?post=9034"}],"version-history":[{"count":0,"href":"https:\/\/latinoamerica21.com\/pt-br\/wp-json\/wp\/v2\/posts\/9034\/revisions"}],"wp:featuredmedia":[{"embeddable":true,"href":"https:\/\/latinoamerica21.com\/pt-br\/wp-json\/wp\/v2\/media\/9031"}],"wp:attachment":[{"href":"https:\/\/latinoamerica21.com\/pt-br\/wp-json\/wp\/v2\/media?parent=9034"}],"wp:term":[{"taxonomy":"category","embeddable":true,"href":"https:\/\/latinoamerica21.com\/pt-br\/wp-json\/wp\/v2\/categories?post=9034"},{"taxonomy":"post_tag","embeddable":true,"href":"https:\/\/latinoamerica21.com\/pt-br\/wp-json\/wp\/v2\/tags?post=9034"},{"taxonomy":"gps","embeddable":true,"href":"https:\/\/latinoamerica21.com\/pt-br\/wp-json\/wp\/v2\/gps?post=9034"}],"curies":[{"name":"wp","href":"https:\/\/api.w.org\/{rel}","templated":true}]}}