{"id":9308,"date":"2022-03-08T07:00:00","date_gmt":"2022-03-08T10:00:00","guid":{"rendered":"https:\/\/latinoamerica21.com\/?p=9308"},"modified":"2022-03-08T10:35:57","modified_gmt":"2022-03-08T13:35:57","slug":"igualdade-de-genero-hoje-para-um-futuro-sustentavel","status":"publish","type":"post","link":"https:\/\/latinoamerica21.com\/pt-br\/igualdade-de-genero-hoje-para-um-futuro-sustentavel\/","title":{"rendered":"Igualdade de g\u00eanero hoje para um futuro sustent\u00e1vel"},"content":{"rendered":"\n<p>8 de mar\u00e7o, o <a href=\"https:\/\/www.onumulheres.org.br\/\" target=\"_blank\" rel=\"noreferrer noopener\">Dia Internacional das Mulheres<\/a>, \u00e9 um marco que nos permite colocar ao centro do debate p\u00fablico os avan\u00e7os alcan\u00e7ados pelas mulheres e pelo movimento feminista, mas sobretudo os desafios pendentes para garantir os direitos humanos das mulheres e a igualdade de g\u00eanero. Neste marco, a pandemia aprofundou as brechas de g\u00eanero existentes na Am\u00e9rica Latina e no Caribe e iniciamos 2022 fazendo frente a graves desigualdades.&nbsp;<\/p>\n\n\n\n<p>A pandemia reduziu a participa\u00e7\u00e3o das mulheres da regi\u00e3o no mercado de trabalho. Em 2021, segundo dados da OIT, mais de 13 milh\u00f5es de mulheres viram seus empregos desaparecer por causa da pandemia na Am\u00e9rica Latina e no Caribe. A sa\u00edda for\u00e7ada das mulheres da for\u00e7a de trabalho representa um retrocesso de 18 anos nos avan\u00e7os alcan\u00e7ados pelas mulheres segundo os dados da CEPAL de 2021.<\/p>\n\n\n\n<p>A pobreza e a extrema pobreza est\u00e3o a n\u00edveis de mais de duas d\u00e9cadas atr\u00e1s. Segundo dados da CEPAL de 2021, no final de 2020, cerca de 118 milh\u00f5es de mulheres latino-americanas se encontravam em situa\u00e7\u00e3o de pobreza, 23 milh\u00f5es a mais do que em 2019. Esse ano, a m\u00e9dia regional de mulheres sem renda pr\u00f3pria chegou a 28%, enquanto para os homens foi de 10,4%. Isto significa que quase um ter\u00e7o das mulheres da regi\u00e3o depende de outros para seu sustento, o que as torna vulner\u00e1veis do ponto de vista econ\u00f4mico e dependentes de quem possui renda, que geralmente s\u00e3o homens.&nbsp;&nbsp;<\/p>\n\n\n\n<p>Entre os lares mais pobres, os monoparentais est\u00e3o super-representados e tendem a ser mulheres que foram m\u00e3es adolescentes, com um acesso limitado \u00e0 educa\u00e7\u00e3o e \u00e0 forma\u00e7\u00e3o e geralmente com empregos prec\u00e1rios e na informalidade. Enquanto isso, as mulheres rurais vivem em situa\u00e7\u00f5es de extrema precariedade trabalhista e isolamento. Segundo a OIT, no ano de 2019, 85,7% dos trabalhadores empregados no setor agr\u00edcola eram informais, enquanto no setor n\u00e3o agr\u00edcola a taxa de informalidade era de 65,8%. No caso das mulheres, a propor\u00e7\u00e3o de informalidade \u00e9 maior do que a dos homens, com a taxa no setor agr\u00edcola atingindo 91,6%.&nbsp;&nbsp;<\/p>\n\n\n\n<p>As mulheres seguem enfrentando horas de trabalho de cuidado dos lares em condi\u00e7\u00f5es muito dif\u00edceis. Na regi\u00e3o, as mulheres ainda dedicam mais do triplo do tempo ao trabalho dom\u00e9stico e de cuidados n\u00e3o remunerados do que os homens. Estas diferen\u00e7as s\u00e3o ainda maiores para as mulheres de baixa renda, que dedicam em m\u00e9dia 46 horas semanais ao trabalho n\u00e3o remunerado.<\/p>\n\n\n\n<p>Tamb\u00e9m se intensificaram as diferentes formas de viol\u00eancia contra as mulheres e as meninas, sobretudo no lar. O ass\u00e9dio sexual e outras formas de viol\u00eancia contra as mulheres seguem ocorrendo nas ruas, nos espa\u00e7os p\u00fablicos e nas redes sociais. De acordo com a CEPAL, uma m\u00e9dia de pelo menos 12 mulheres morrem diariamente na regi\u00e3o simplesmente porque s\u00e3o mulheres, e em m\u00e9dia uma em cada tr\u00eas sofreu viol\u00eancia f\u00edsica e\/ou sexual em uma rela\u00e7\u00e3o \u00edntima ao longo de sua vida.&nbsp;&nbsp;<\/p>\n\n\n\n<p>Portanto, o melhor preditor do n\u00edvel de fragilidade de um pa\u00eds n\u00e3o \u00e9 sua riqueza, o tipo de governo ou a religi\u00e3o que pratica a maioria de seus habitantes, mas seus \u00edndices de igualdade de g\u00eanero.&nbsp;<\/p>\n\n\n\n<p><strong>Recupera\u00e7\u00e3o p\u00f3s-COVID 19<\/strong><\/p>\n\n\n\n<p>Neste contexto, uma recupera\u00e7\u00e3o exitosa implica tamb\u00e9m assegurar a participa\u00e7\u00e3o das mulheres em todas as etapas das respostas. N\u00e3o s\u00f3 por um compromisso com uma representa\u00e7\u00e3o justa, mas pela contundente evid\u00eancia de que <a href=\"https:\/\/latinoamerica21.com\/br\/lideranca-politica-pandemica-e-mulheres-no-governo\/\" target=\"_blank\" rel=\"noreferrer noopener\">quando as mulheres participam em espa\u00e7os de tomada de decis\u00e3o, os benef\u00edcios para a popula\u00e7\u00e3o em sua totalidade s\u00e3o m\u00faltiplos<\/a>.&nbsp;<\/p>\n\n\n\n<p>A recupera\u00e7\u00e3o tamb\u00e9m deve levar em conta os estreitos la\u00e7os entre g\u00eanero, seguran\u00e7a e mudan\u00e7a clim\u00e1tica. As consequ\u00eancias da mudan\u00e7a clim\u00e1tica podem gerar fatores de inseguran\u00e7a para as mulheres, incluindo uma maior exposi\u00e7\u00e3o \u00e0 viol\u00eancia de g\u00eanero, um aumento da inseguran\u00e7a alimentar, assim como barreiras para o acesso a recursos e um maior risco de deslocamentos for\u00e7ados. \u00c9 por isso que \u00e9 necess\u00e1rio que as medidas de mitiga\u00e7\u00e3o e adapta\u00e7\u00e3o \u00e0s mudan\u00e7as clim\u00e1ticas incorporem a plena participa\u00e7\u00e3o das mulheres e uma perspectiva de constru\u00e7\u00e3o de paz e de g\u00eanero.<\/p>\n\n\n\n<p>Para reconstruir nossas sociedades, \u00e9 fundamental avan\u00e7ar nas autonomias econ\u00f4mica, f\u00edsica e pol\u00edtica das mulheres, fortalecendo seu papel na economia, no desenvolvimento e na transforma\u00e7\u00e3o social, fortalecendo o papel protagonista das organiza\u00e7\u00f5es de mulheres nas comunidades e na concep\u00e7\u00e3o, implementa\u00e7\u00e3o e avalia\u00e7\u00e3o das pol\u00edticas p\u00fablicas.<\/p>\n\n\n\n<p>A Agenda 2030 e os Objetivos de Desenvolvimento Sustent\u00e1vel s\u00e3o o roteiro com o qual os governos e toda a comunidade internacional se comprometeram. A n\u00edvel global, um dos desafios mais urgentes que enfrentamos continua sendo a mudan\u00e7a clim\u00e1tica e a redu\u00e7\u00e3o do risco de desastres, o que nos obriga a buscar solu\u00e7\u00f5es levando em conta o poder transformador das mulheres em toda sua diversidade.&nbsp;&nbsp;&nbsp;<\/p>\n\n\n\n<p>Portanto, \u00e9 necess\u00e1rio que cada vez mais mulheres e organiza\u00e7\u00f5es feministas e de mulheres da Am\u00e9rica Latina e do Caribe participem de forma sistem\u00e1tica nas pol\u00edticas p\u00fablicas produtivas, de desenvolvimento sustent\u00e1vel e de resposta \u00e0s mudan\u00e7as clim\u00e1ticas.<\/p>\n","protected":false},"excerpt":{"rendered":"<p>O 8 de mar\u00e7o, Dia Internacional da Mulher, serve como um lembrete do progresso feito pelas mulheres e pelo movimento feminista, mas acima de tudo dos desafios que restam para garantir os direitos das mulheres e a igualdade de g\u00eanero.\u00a0<\/p>\n","protected":false},"author":309,"featured_media":9302,"comment_status":"closed","ping_status":"closed","sticky":false,"template":"","format":"standard","meta":{"_acf_changed":false,"episode_type":"","audio_file":"","cover_image":"","cover_image_id":"","duration":"","filesize":"","filesize_raw":"","date_recorded":"","explicit":"","block":"","itunes_episode_number":"","itunes_title":"","itunes_season_number":"","itunes_episode_type":"","footnotes":""},"categories":[16741,14477,546],"tags":[],"gps":[],"class_list":{"0":"post-9308","1":"post","2":"type-post","3":"status-publish","4":"format-standard","5":"has-post-thumbnail","7":"category-mujeres-pt-br","8":"category-mulheres","9":"category-sociedad-br"},"acf":[],"_links":{"self":[{"href":"https:\/\/latinoamerica21.com\/pt-br\/wp-json\/wp\/v2\/posts\/9308","targetHints":{"allow":["GET"]}}],"collection":[{"href":"https:\/\/latinoamerica21.com\/pt-br\/wp-json\/wp\/v2\/posts"}],"about":[{"href":"https:\/\/latinoamerica21.com\/pt-br\/wp-json\/wp\/v2\/types\/post"}],"author":[{"embeddable":true,"href":"https:\/\/latinoamerica21.com\/pt-br\/wp-json\/wp\/v2\/users\/309"}],"replies":[{"embeddable":true,"href":"https:\/\/latinoamerica21.com\/pt-br\/wp-json\/wp\/v2\/comments?post=9308"}],"version-history":[{"count":0,"href":"https:\/\/latinoamerica21.com\/pt-br\/wp-json\/wp\/v2\/posts\/9308\/revisions"}],"wp:featuredmedia":[{"embeddable":true,"href":"https:\/\/latinoamerica21.com\/pt-br\/wp-json\/wp\/v2\/media\/9302"}],"wp:attachment":[{"href":"https:\/\/latinoamerica21.com\/pt-br\/wp-json\/wp\/v2\/media?parent=9308"}],"wp:term":[{"taxonomy":"category","embeddable":true,"href":"https:\/\/latinoamerica21.com\/pt-br\/wp-json\/wp\/v2\/categories?post=9308"},{"taxonomy":"post_tag","embeddable":true,"href":"https:\/\/latinoamerica21.com\/pt-br\/wp-json\/wp\/v2\/tags?post=9308"},{"taxonomy":"gps","embeddable":true,"href":"https:\/\/latinoamerica21.com\/pt-br\/wp-json\/wp\/v2\/gps?post=9308"}],"curies":[{"name":"wp","href":"https:\/\/api.w.org\/{rel}","templated":true}]}}