{"id":9411,"date":"2022-03-18T09:00:00","date_gmt":"2022-03-18T12:00:00","guid":{"rendered":"https:\/\/latinoamerica21.com\/?p=9411"},"modified":"2022-03-18T06:05:49","modified_gmt":"2022-03-18T09:05:49","slug":"colombia-das-ruas-as-urnas","status":"publish","type":"post","link":"https:\/\/latinoamerica21.com\/pt-br\/colombia-das-ruas-as-urnas\/","title":{"rendered":"Col\u00f4mbia: das ruas \u00e0s urnas"},"content":{"rendered":"\n<p>As elei\u00e7\u00f5es legislativas de 13M ratificaram a <a href=\"https:\/\/www.efe.com\/efe\/brasil\/mundo\/esquerda-obtem-resultado-historico-nas-elei-es-legislativas-da-colombia\/50000243-4760908\" target=\"_blank\" rel=\"noreferrer noopener\">mudan\u00e7a paulatina da Col\u00f4mbia \u00e0 centro-esquerda<\/a> desde o <a href=\"https:\/\/latinoamerica21.com\/br\/colombia-cinco-de-uma-paz-nao-cumprida\/\" target=\"_blank\" rel=\"noreferrer noopener\">Acordo de Paz de 2016<\/a>. Cinco anos e meio do final do processo que reincorporou a guerrilha mais antiga da Am\u00e9rica Latina \u00e0 vida civil, o pa\u00eds celebra este ano as primeiras elei\u00e7\u00f5es nacionais nas quais a ex-guerrilha j\u00e1 n\u00e3o \u00e9 o tema dominante. De fato, se h\u00e1 quatro anos seu escasso respaldo se cristalizou em 52.532 votos, desta vez, e apesar da mudan\u00e7a de franquia para Partido Comunes, decaiu para 31.116 em todo o pa\u00eds. N\u00e3o obstante, em La Habana cinco cadeiras no Senado foram acordadas entre 2018 e 2026.\u00a0\u00a0<\/p>\n\n\n\n<p>Como consequ\u00eancia do problema da viol\u00eancia pol\u00edtica tornar-se secund\u00e1ria, embora persista na forma de assassinatos sistem\u00e1ticos de l\u00edderes sociais e ex-combatentes, o sistema pol\u00edtico se v\u00ea tensionado por um conflito social cuja v\u00e1lvula de escape foram os enormes protestos de rua de 2019, 2020 e 2021. Embora estes n\u00e3o tenham produzido uma explos\u00e3o social como no Chile, est\u00e3o gerando algumas mudan\u00e7as na agenda eleitoral e nas lideran\u00e7as emergentes. Tudo isso de maneira gradual, dentro da mediocridade inveterada colombiana.<\/p>\n\n\n\n<p><strong>Pol\u00edtica tradicional e ares de renova\u00e7\u00e3o: a composi\u00e7\u00e3o do pr\u00f3ximo Congresso<\/strong><\/p>\n\n\n\n<p>No domingo 13, a partida entre a pol\u00edtica tradicional e a renova\u00e7\u00e3o chegou a um impasse. De um lado, os dois partidos pol\u00edticos tradicionais demostraram que s\u00e3o mortos que gozam de boa sa\u00fade, especialmente por causa da mobiliza\u00e7\u00e3o regional de suas m\u00e1quinas. E, como \u00e9 habitual, uma parte dos futuros pais da p\u00e1tria s\u00e3o lacaios de pessoas condenadas pela justi\u00e7a ou foram sancionados ou est\u00e3o sendo investigados.&nbsp;<\/p>\n\n\n\n<p>Por outro lado, como ocorre desde a Constitui\u00e7\u00e3o de 1991, o tradicional bipartidarismo liberal-conservador foi mais uma vez desafiado por um ca\u00f3tico sistema multipartid\u00e1rio: o sistema colombiano \u00e9 um Frankenstein no qual 22 partidos e movimentos s\u00e3o reconhecidos pelo Conselho Nacional Eleitoral. Neste cen\u00e1rio, parece \u00f3bvio dizer, se sobressaem as microempresas eleitorais e as ideologias brilham por sua aus\u00eancia.<\/p>\n\n\n\n<p>Em consequ\u00eancia, a composi\u00e7\u00e3o do legislativo ser\u00e1 bastante plural, o que significa que augura ao pr\u00f3ximo executivo um trabalho dispendioso de negocia\u00e7\u00e3o, em um regime presidencialista no qual o \u00f3rg\u00e3o colegiado tem se caracterizado por escasso controle pol\u00edtico e por exercer o papel de \u201cnot\u00e1rio\u201d das iniciativas do governo de turno. Ademais, a representa\u00e7\u00e3o ser\u00e1 fragmentada: haver\u00e1 11 for\u00e7as pol\u00edticas no Senado e 30 na C\u00e2mara dos Representantes (entre partidos e coaliz\u00f5es).&nbsp;<\/p>\n\n\n\n<p>A composi\u00e7\u00e3o do Congresso 2022-2026 tamb\u00e9m ser\u00e1 plural pelas tend\u00eancias ideol\u00f3gicas. Embora em ambas as c\u00e2maras os partidos Liberal e Conservador tenham obtido o maior n\u00famero de cadeiras \u2013 58 e 43 respectivamente \u2013 o Pacto Hist\u00f3rico, movimento liderado por Gustavo Petro, conquistou 44 cadeiras, uma vota\u00e7\u00e3o hist\u00f3rica para a esquerda: 16 no Senado, onde se tornou a for\u00e7a mais representativa em igualdade com os Conservadores, e 28 na C\u00e2mara, atr\u00e1s apenas dos liberais.&nbsp;<\/p>\n\n\n\n<p>No entanto, embora seja um Congresso mais plural que o atual, seu sinal ideol\u00f3gico s\u00f3 ser\u00e1 conhecido no dia 20 de julho. O Estatuto da Oposi\u00e7\u00e3o traz a curiosa exig\u00eancia de que os partidos devem decidir dentro de um m\u00eas ap\u00f3s o in\u00edcio do novo governo se ser\u00e3o da bancada pr\u00f3-governamental, independentes ou de oposi\u00e7\u00e3o. \u00c9 prov\u00e1vel que seja mais solid\u00e1rio com um eventual governo de direita do que com um governo de esquerda ou de centro. Afinal, diz-se que na Col\u00f4mbia h\u00e1 mais conservadorismo do que partido conservador.<\/p>\n\n\n\n<p><strong>Do azul ao rosa: a lenta mudan\u00e7a ideol\u00f3gica&nbsp;<\/strong><\/p>\n\n\n\n<p>Embora as elei\u00e7\u00f5es legislativas tenham tido uma participa\u00e7\u00e3o de 46% do eleitorado (2 pontos a menos do que em 2018), a maior aten\u00e7\u00e3o no dia das elei\u00e7\u00f5es foi dada \u00e0s consultas das tr\u00eas coaliz\u00f5es que postular\u00e3o candidatos \u00e0 presidente em 29 de maio. O Pacto Hist\u00f3rico obteve a vota\u00e7\u00e3o mais alta, e ungiu Gustavo Petro com um contundente respaldo de 4.487.551 votos. A coaliz\u00e3o de direita chamada \u201cEquipo por Colombia\u201d elegeu o ex-prefeito de Medell\u00edn Federico Guti\u00e9rrez com 2.160.329, enquanto a coaliz\u00e3o Centro Esperanza colapsou e Sergio Fajardo obteve s\u00f3 723.084 de apoio cidad\u00e3o.<\/p>\n\n\n\n<p>Embora, paradoxalmente, o Presidente Iv\u00e1n Duque seja um uribista e o Centro Democr\u00e1tico tenha a bancada mais numerosa do Senado (19), o 13M formalizou o decl\u00ednio eleitoral do uribismo. A raz\u00e3o \u00e9 lapalissada: \u00c1lvaro Uribe saiu do cen\u00e1rio eleitoral ap\u00f3s renunciar sua cadeira no Senado em 2021, em meio \u00e0 investiga\u00e7\u00e3o da Suprema Corte de Justi\u00e7a contra ele por manipula\u00e7\u00e3o de testemunhas. Assim, sem seu maior eleitorado, o Centro Democr\u00e1tico perdeu cinco cadeiras no Senado e na segunda-feira 14 seu candidato renunciou \u00e0 sua aspira\u00e7\u00e3o presidencial, precipitando a transi\u00e7\u00e3o para um uribismo sem Uribe.<\/p>\n\n\n\n<p>Alguns dados mostram a mudan\u00e7a gradual que est\u00e1 ocorrendo na pol\u00edtica colombiana: das 294 cadeiras no Congresso, 83 ser\u00e3o ocupadas por mulheres, 8.5% mais do que atualmente. Tamb\u00e9m foram eleitos 16 assentos reservados \u00e0s v\u00edtimas provenientes das regi\u00f5es mais atingidas pelo conflito armado e previstas no Acordo de Paz. Como os vencedores de v\u00e1rios deles foram questionados, o progn\u00f3stico sobre a representa\u00e7\u00e3o efetiva que as v\u00edtimas ter\u00e3o \u00e9, por enquanto, reservado. Mais mulheres, mais l\u00edderes sociais, mais ativistas, mais l\u00edderes ambientais, uma l\u00edder Palenque e v\u00e1rios influencers delinear\u00e3o os perfis dos novos legisladores.&nbsp;<\/p>\n\n\n\n<p>Em qualquer caso, o fen\u00f4meno eleitoral de 13M foi a hist\u00f3rica vota\u00e7\u00e3o que Francia M\u00e1rquez obteve na consulta do Pacto Hist\u00f3rico &#8211; 783.160 votos &#8211; uma l\u00edder ambiental afro que encarna o discurso de mudan\u00e7a que questiona radicalmente o status quo e a pol\u00edtica tradicional. Sua vota\u00e7\u00e3o deve ser lida como um chamado das minorias afro, ind\u00edgenas e alternativas \u2013 a quem chama de \u201clos nadies\u201d \u2013 para serem inclu\u00eddas. Com um discurso enquadrado em categorias identit\u00e1rias e p\u00f3s-modernas, expressa demandas de mudan\u00e7as estruturais, e sua proposta em torno do conceito de \u201cvida digna\u201d tem o potencial de colocar em prosa as reformas que mulheres, estudantes e comunidades rurais exigem em forma de poesia: \u201cat\u00e9 que a dignidade se torne habitual\u201d, \u201csou porque somos\u201d. Ali reside a semente de uma mudan\u00e7a de gera\u00e7\u00e3o e de \u00e9poca na pol\u00edtica colombiana.<\/p>\n\n\n\n<p><em><sub>*Tradu\u00e7\u00e3o do espanhol por Maria Isabel Santos Lima<\/sub><\/em><\/p>\n","protected":false},"excerpt":{"rendered":"<p>As elei\u00e7\u00f5es legislativas ratificaram a mudan\u00e7a gradual da Col\u00f4mbia para o centro-esquerda desde o acordo de paz de 2016. O sistema pol\u00edtico tem sido tenso pela agita\u00e7\u00e3o social, cuja sa\u00edda foram os protestos de 2019, 2020 e 2021.<\/p>\n","protected":false},"author":115,"featured_media":9409,"comment_status":"closed","ping_status":"closed","sticky":false,"template":"","format":"standard","meta":{"_acf_changed":false,"episode_type":"","audio_file":"","cover_image":"","cover_image_id":"","duration":"","filesize":"","filesize_raw":"","date_recorded":"","explicit":"","block":"","itunes_episode_number":"","itunes_title":"","itunes_season_number":"","itunes_episode_type":"","footnotes":""},"categories":[16708,16711,16747,16717,16719,14397,14411,544],"tags":[],"gps":[],"class_list":{"0":"post-9411","1":"post","2":"type-post","3":"status-publish","4":"format-standard","5":"has-post-thumbnail","7":"category-politica-pt-br","8":"category-elecciones-pt-br","9":"category-ideologia-pt-br","10":"category-colombia-pt-br","11":"category-debates-pt-br","12":"category-eleicoes","13":"category-esquerda","14":"category-politica-br"},"acf":[],"_links":{"self":[{"href":"https:\/\/latinoamerica21.com\/pt-br\/wp-json\/wp\/v2\/posts\/9411","targetHints":{"allow":["GET"]}}],"collection":[{"href":"https:\/\/latinoamerica21.com\/pt-br\/wp-json\/wp\/v2\/posts"}],"about":[{"href":"https:\/\/latinoamerica21.com\/pt-br\/wp-json\/wp\/v2\/types\/post"}],"author":[{"embeddable":true,"href":"https:\/\/latinoamerica21.com\/pt-br\/wp-json\/wp\/v2\/users\/115"}],"replies":[{"embeddable":true,"href":"https:\/\/latinoamerica21.com\/pt-br\/wp-json\/wp\/v2\/comments?post=9411"}],"version-history":[{"count":0,"href":"https:\/\/latinoamerica21.com\/pt-br\/wp-json\/wp\/v2\/posts\/9411\/revisions"}],"wp:featuredmedia":[{"embeddable":true,"href":"https:\/\/latinoamerica21.com\/pt-br\/wp-json\/wp\/v2\/media\/9409"}],"wp:attachment":[{"href":"https:\/\/latinoamerica21.com\/pt-br\/wp-json\/wp\/v2\/media?parent=9411"}],"wp:term":[{"taxonomy":"category","embeddable":true,"href":"https:\/\/latinoamerica21.com\/pt-br\/wp-json\/wp\/v2\/categories?post=9411"},{"taxonomy":"post_tag","embeddable":true,"href":"https:\/\/latinoamerica21.com\/pt-br\/wp-json\/wp\/v2\/tags?post=9411"},{"taxonomy":"gps","embeddable":true,"href":"https:\/\/latinoamerica21.com\/pt-br\/wp-json\/wp\/v2\/gps?post=9411"}],"curies":[{"name":"wp","href":"https:\/\/api.w.org\/{rel}","templated":true}]}}