{"id":9626,"date":"2022-04-04T09:00:00","date_gmt":"2022-04-04T12:00:00","guid":{"rendered":"https:\/\/latinoamerica21.com\/?p=9626"},"modified":"2022-04-04T05:34:50","modified_gmt":"2022-04-04T08:34:50","slug":"crise-humanitaria-na-europa-afeta-a-fronteira-entre-mexico-e-eua","status":"publish","type":"post","link":"https:\/\/latinoamerica21.com\/pt-br\/crise-humanitaria-na-europa-afeta-a-fronteira-entre-mexico-e-eua\/","title":{"rendered":"Crise humanit\u00e1ria na Europa afeta a fronteira entre M\u00e9xico e EUA"},"content":{"rendered":"\n<p>A invas\u00e3o da Ucr\u00e2nia pela R\u00fassia est\u00e1 pressionando as fronteiras da Europa, o que levou \u00e0 implementa\u00e7\u00e3o de certas mudan\u00e7as institucionais, especialmente nos pa\u00edses da Europa ocidental e tamb\u00e9m do Leste europeu. Neste contexto, os Estados Unidos tamb\u00e9m demonstraram solidariedade com o pa\u00eds invadido, anunciando que aceitar\u00e3o 100.000 refugiados ucranianos e doar\u00e3o bilh\u00f5es de d\u00f3lares para o pa\u00eds. Enquanto isso, a ajuda ao desenvolvimento prometida por Washington para a Am\u00e9rica Central ainda n\u00e3o se concretizou.<\/p>\n\n\n\n<p><strong>Uma crise migrat\u00f3ria na Europa<\/strong><\/p>\n\n\n\n<p>A crise atual na Ucr\u00e2nia est\u00e1 levando a uma mobiliza\u00e7\u00e3o massiva de refugiados, principalmente na Europa. Atualmente, j\u00e1 s\u00e3o cerca de 3,5 milh\u00f5es, segundo a Ag\u00eancia das Na\u00e7\u00f5es Unidas para Refugiados (ACNUR). Esta nova crise destaca a necessidade de promover maior inclus\u00e3o e respeito aos direitos humanos dos refugiados, em um contexto em que os migrantes do mundo inteiro sofrem todo o tipo de abuso, como o tr\u00e1fico humano, prostitui\u00e7\u00e3o e viol\u00eancia sexual.<\/p>\n\n\n\n<p>Nesse contexto, o Conselho da Uni\u00e3o Europeia decidiu ativar pela primeira vez a diretiva 2001\/55\/EC, pela qual os ucranianos poder\u00e3o viver, trabalhar e estudar legalmente por um ano na Uni\u00e3o Europeia, prorrog\u00e1vel por at\u00e9 tr\u00eas anos, sem a necessidade de se candidatar \u00e0 prote\u00e7\u00e3o internacional. Isto reflete uma mudan\u00e7a na situa\u00e7\u00e3o legal e outra forma de administrar o enorme fluxo de refugiados, o qual estima-se que chegar\u00e1 pr\u00f3ximo de 6,5 milh\u00f5es. Esta diretiva foi aprovada em 2001 e, nos seus 21 anos de exist\u00eancia nunca havia sido ativada at\u00e9 ent\u00e3o.&nbsp;<\/p>\n\n\n\n<p>Esta \u00e9 uma pol\u00edtica necess\u00e1ria em um contexto onde as fronteiras da Pol\u00f4nia, Eslov\u00e1quia e Rom\u00eania com a Ucr\u00e2nia tornaram-se regi\u00f5es de intensas din\u00e2micas: humanit\u00e1ria, social, sanit\u00e1ria e cultural. A Pol\u00f4nia recebeu mais da metade dos refugiados da Ucr\u00e2nia, cerca de 2,17 milh\u00f5es, refletindo um forte senso de humanitarismo e apoio \u00e0s popula\u00e7\u00f5es vulner\u00e1veis.<\/p>\n\n\n\n<p><strong>Quais s\u00e3o as li\u00e7\u00f5es para a gest\u00e3o da fronteira entre o M\u00e9xico e os EUA?<\/strong><\/p>\n\n\n\n<p>No dia 3 de mar\u00e7o, ap\u00f3s o in\u00edcio do conflito armado na Ucr\u00e2nia, o governo dos EUA concedeu o Estatuto de Prote\u00e7\u00e3o Tempor\u00e1ria (TPS) a cidad\u00e3os ucranianos j\u00e1 residindo no pa\u00eds. O governo americano tamb\u00e9m anunciou que acolher\u00e1 at\u00e9 100.000 ucranianos e outros refugiados que fugiram da Ucr\u00e2nia ap\u00f3s a invas\u00e3o russa, sendo prioridade acolher migrantes com membros da fam\u00edlia j\u00e1 nos Estados Unidos.&nbsp;<\/p>\n\n\n\n<p>Para tal, incluir\u00e1 um programa de admiss\u00e3o de refugiados, autoriza\u00e7\u00f5es humanit\u00e1rias e vistos de imigrantes e n\u00e3o imigrantes. Al\u00e9m disso, de acordo com um porta-voz da administra\u00e7\u00e3o dos EUA, a Casa Branca n\u00e3o ter\u00e1 que pedir ao Congresso a prorroga\u00e7\u00e3o do atual limite anual de refugiados, que atualmente \u00e9 de 125.000.<\/p>\n\n\n\n<p>Antes da guerra, migrantes da Ucr\u00e2nia e da R\u00fassia chegavam aos EUA via M\u00e9xico, pois esse pa\u00eds n\u00e3o exige visto para tais cidad\u00e3os. \u00c9 exigida apenas uma autoriza\u00e7\u00e3o&nbsp; eletr\u00f4nica de viagem, processada online, que permite a perman\u00eancia como turistas por 180 dias. Assim, em 2020, antes do in\u00edcio da crise, mais de 12.000 ucranianos chegaram ao M\u00e9xico com o objetivo de ir para os EUA. Em 2021 foram mais de 28.000 ucranianos, e em janeiro deste ano, semanas antes do in\u00edcio da guerra, j\u00e1 se podia observar um aumento consider\u00e1vel com a chegada de seis mil cidad\u00e3os ucranianos.&nbsp;<\/p>\n\n\n\n<p>\u00c9 prov\u00e1vel que a chegada de migrantes ucranianos aumente nos pr\u00f3ximos meses. Entretanto, esses n\u00fameros continuar\u00e3o a representar uma propor\u00e7\u00e3o menor dos migrantes que fogem dos seus pa\u00edses do jeito que podem para chegar aos EUA atrav\u00e9s da fronteira sul.<\/p>\n\n\n\n<p>Por esta raz\u00e3o, em resposta aos an\u00fancios da administra\u00e7\u00e3o Biden, o presidente L\u00f3pez Obrador criticou o fato de ser dada prioridade \u00e0 chegada dos ucranianos em detrimento dos migrantes centroamericanos, bem como o Plano de Desenvolvimento da Am\u00e9rica Central estar relegado para segundo plano, num contexto em que a migra\u00e7\u00e3o continental tamb\u00e9m gerou uma crise humanit\u00e1ria. Somente no ano fiscal de 2020 \u2013 2021, os EUA detiveram quase 1,7 milh\u00f5es de migrantes, dos quais quase 40% eram mexicanos e 35% centroamericanos.<\/p>\n\n\n\n<p>A invas\u00e3o da Ucr\u00e2nia pela R\u00fassia levou o governo dos EUA a priorizar a crise humanit\u00e1ria no leste europeu sobre a migra\u00e7\u00e3o do sul do continente. Entretanto, esta deveria ser uma oportunidade para que as autoridades promovessem uma pol\u00edtica inclusiva, humanit\u00e1ria e trabalhista para as popula\u00e7\u00f5es migrantes de outros pa\u00edses, especialmente do Tri\u00e2ngulo do Norte.<\/p>\n\n\n\n<p><em>Traduzido do espanhol por Jana\u00edna Ruviaro da Silva<\/em><\/p>\n\n\n\n<p><\/p>\n\n\n\n<p><\/p>\n\n\n\n<p><\/p>\n","protected":false},"excerpt":{"rendered":"<p>Ap\u00f3s a invas\u00e3o da Ucr\u00e2nia pela R\u00fassia, os EUA anunciaram que aceitar\u00e3o 100.000 refugiados ucranianos e doar\u00e3o bilh\u00f5es de d\u00f3lares. Enquanto isso, as promessas de ajuda ao desenvolvimento de Washington para a Am\u00e9rica Central ainda n\u00e3o se concretizaram.<\/p>\n","protected":false},"author":277,"featured_media":9623,"comment_status":"closed","ping_status":"closed","sticky":false,"template":"","format":"standard","meta":{"_acf_changed":false,"episode_type":"","audio_file":"","cover_image":"","cover_image_id":"","duration":"","filesize":"","filesize_raw":"","date_recorded":"","explicit":"","block":"","itunes_episode_number":"","itunes_title":"","itunes_season_number":"","itunes_episode_type":"","footnotes":""},"categories":[16706,16980,16762,16719,546],"tags":[],"gps":[],"class_list":{"0":"post-9626","1":"post","2":"type-post","3":"status-publish","4":"format-standard","5":"has-post-thumbnail","7":"category-mexico-pt-br","8":"category-guerra-de-ucrania-es-pt-br","9":"category-relaiciones-internacionales-pt-br","10":"category-debates-pt-br","11":"category-sociedad-br"},"acf":[],"_links":{"self":[{"href":"https:\/\/latinoamerica21.com\/pt-br\/wp-json\/wp\/v2\/posts\/9626","targetHints":{"allow":["GET"]}}],"collection":[{"href":"https:\/\/latinoamerica21.com\/pt-br\/wp-json\/wp\/v2\/posts"}],"about":[{"href":"https:\/\/latinoamerica21.com\/pt-br\/wp-json\/wp\/v2\/types\/post"}],"author":[{"embeddable":true,"href":"https:\/\/latinoamerica21.com\/pt-br\/wp-json\/wp\/v2\/users\/277"}],"replies":[{"embeddable":true,"href":"https:\/\/latinoamerica21.com\/pt-br\/wp-json\/wp\/v2\/comments?post=9626"}],"version-history":[{"count":0,"href":"https:\/\/latinoamerica21.com\/pt-br\/wp-json\/wp\/v2\/posts\/9626\/revisions"}],"wp:featuredmedia":[{"embeddable":true,"href":"https:\/\/latinoamerica21.com\/pt-br\/wp-json\/wp\/v2\/media\/9623"}],"wp:attachment":[{"href":"https:\/\/latinoamerica21.com\/pt-br\/wp-json\/wp\/v2\/media?parent=9626"}],"wp:term":[{"taxonomy":"category","embeddable":true,"href":"https:\/\/latinoamerica21.com\/pt-br\/wp-json\/wp\/v2\/categories?post=9626"},{"taxonomy":"post_tag","embeddable":true,"href":"https:\/\/latinoamerica21.com\/pt-br\/wp-json\/wp\/v2\/tags?post=9626"},{"taxonomy":"gps","embeddable":true,"href":"https:\/\/latinoamerica21.com\/pt-br\/wp-json\/wp\/v2\/gps?post=9626"}],"curies":[{"name":"wp","href":"https:\/\/api.w.org\/{rel}","templated":true}]}}