{"id":9665,"date":"2022-04-06T09:00:00","date_gmt":"2022-04-06T12:00:00","guid":{"rendered":"https:\/\/latinoamerica21.com\/?p=9665"},"modified":"2022-04-07T04:57:07","modified_gmt":"2022-04-07T07:57:07","slug":"a-efemeridade-de-uma-promessa-o-financiamento-verde","status":"publish","type":"post","link":"https:\/\/latinoamerica21.com\/pt-br\/a-efemeridade-de-uma-promessa-o-financiamento-verde\/","title":{"rendered":"A efemeridade de uma promessa: o financiamento verde"},"content":{"rendered":"\n<p><strong><em>Co-autor Francisco E. Casta\u00f1eda<\/em><\/strong><\/p>\n\n\n\n<p>Ap\u00f3s a \u00faltima reuni\u00e3o <a href=\"https:\/\/www.unep.org\/pt-br\/noticias-e-reportagens\/reportagem\/o-que-voce-precisa-saber-sobre-conferencia-das-nacoes-unidas\" target=\"_blank\" rel=\"noreferrer noopener\">da Confer\u00eancia das Na\u00e7\u00f5es Unidas sobre Mudan\u00e7a Clim\u00e1tica<\/a> que aconteceu em Glasgow, Esc\u00f3cia, no final de outubro do ano passado, um dos pontos que mais gerou esperan\u00e7a entre os pa\u00edses em desenvolvimento foi o compromisso de cumprir o Acordo de Paris de 2015: fornecer subs\u00eddios para a mudan\u00e7a clim\u00e1tica. O financiamento externo \u00e9 um aspecto chave para garantir a transi\u00e7\u00e3o energ\u00e9tica nos pa\u00edses em desenvolvimento. Por isso, os l\u00edderes do mundo desenvolvido se comprometeram em Glasgow a destravar os fundos outrora prometidos.&nbsp;<\/p>\n\n\n\n<p>Mas o entusiasmo n\u00e3o parou por a\u00ed, ele se estendeu ao setor privado, de onde se prev\u00ea que venham os maiores aportes para a transi\u00e7\u00e3o. Mark Carney, pioneiro em reconhecer o problema clim\u00e1tico ao presidir o Banco da Inglaterra; co-fundador, com Michael Bloomberg, da Task Force on Climate-related Financial Disclosures (TCFD), e que atualmente lidera um cons\u00f3rcio de 450 empresas financeiras (Glasgow Financial Alliance for Net Zero), destacou o alinhamento do setor financeiro para cumprir com os objetivos clim\u00e1ticos. Mas, sobretudo, no relativo \u00e0 busca do objetivo de emiss\u00f5es l\u00edquidas zero at\u00e9 2050.&nbsp;<\/p>\n\n\n\n<p>Em resumo, uns e outros prometiam financiamento de fundos a longo prazo para alcan\u00e7ar o bem comum. Entretanto, <a href=\"https:\/\/latinoamerica21.com\/br\/a-mirada-ambiental-das-negociacoes-na-venezuela\/\" target=\"_blank\" rel=\"noreferrer noopener\">a aposta dos mercados financeiros para a mudan\u00e7a clim\u00e1tica pode durar menos que o esperado<\/a>. Recentemente, Larry Fink, CEO da BlackRock e um dos homens mais poderosos do mundo financeiro, declarou que a guerra na Ucr\u00e2nia estaria marcando o fim da globaliza\u00e7\u00e3o. A irrup\u00e7\u00e3o da pandemia de COVID-19 desencadeou o debate sobre <em>reshoring<\/em>, a tend\u00eancia \u00e0 deslocaliza\u00e7\u00e3o das cadeias globais de valor, algo que j\u00e1 tem estimulado o crescente poder tecnol\u00f3gico da China.<\/p>\n\n\n\n<p>A invas\u00e3o da Ucr\u00e2nia gerou transtornos entre os l\u00edderes ocidentais, e de um golpe, desapareceu a c\u00e2ndida vis\u00e3o que muitos tinham sobre o regime de Vladimir Putin. Diante da imprevis\u00edvel resposta militar, muitos decidiram impor san\u00e7\u00f5es econ\u00f4micas \u00e0 R\u00fassia. Entretanto, al\u00e9m dos efeitos sobre o futuro do conflito, as medidas adotadas podem marcar o fim da globaliza\u00e7\u00e3o financeira e comercial.&nbsp;<\/p>\n\n\n\n<p>Entretanto, as consequ\u00eancias financeiras podem ser maiores, e sem d\u00favida ser\u00e3o. Paradoxalmente, o Departamento do Tesouro dos Estados Unidos pode ser muito afetado se a China decidir n\u00e3o continuar comprando em massa os t\u00edtulos da Reserva Federal. Pequim tamb\u00e9m pode pensar em acelerar o processo de internacionaliza\u00e7\u00e3o do yuan, obrigando os seus s\u00f3cios a abandonar o d\u00f3lar em suas transa\u00e7\u00f5es, tal como exige agora a R\u00fassia sancionada aos seus compradores de hidrocarbonetos.&nbsp;&nbsp;&nbsp;<\/p>\n\n\n\n<p>A invas\u00e3o russa for\u00e7ou a Uni\u00e3o Europeia a repensar sua estrat\u00e9gia energ\u00e9tica, marcando inequivocamente uma acelera\u00e7\u00e3o na transi\u00e7\u00e3o verde. Para cobrir estes custos, s\u00e3o necess\u00e1rias fontes imensas de novos financiamentos, mas isto traz iniciativas diferentes neste campo no que concerne \u00e0 nossa regi\u00e3o. Para a maioria dos pa\u00edses latino-americanos, o fim da atual estrutura de globaliza\u00e7\u00e3o financeira e comercial (tal como conhecemos at\u00e9 agora) acabar\u00e1 retardando o processo de transi\u00e7\u00e3o. Al\u00e9m disso, o aumento da infla\u00e7\u00e3o a n\u00edvel internacional aumenta o custo do financiamento e desestimular\u00e1 o financiamento a longo prazo.&nbsp;<\/p>\n\n\n\n<p>A guerra pode n\u00e3o apenas implicar uma invers\u00e3o da atual globaliza\u00e7\u00e3o financeira e comercial, mas tamb\u00e9m afetar\u00e1 as estruturas multilaterais que t\u00eam distribu\u00eddo poder desde o fim da Guerra Fria. Um menor acesso ao financiamento externo afetar\u00e1 a transi\u00e7\u00e3o energ\u00e9tica, enquanto o aumento nos pre\u00e7os outorga maiores incentivos \u00e0 explora\u00e7\u00e3o do petr\u00f3leo.&nbsp;&nbsp;<\/p>\n\n\n\n<p>Entretanto, isto n\u00e3o s\u00f3 implica em uma menor disponibilidade de fundos para a transi\u00e7\u00e3o, como tamb\u00e9m deixar\u00e1 em evid\u00eancia um reencaminhamento para fundos que buscam rentabilidade a curto prazo. Em vez de avan\u00e7ar com a transi\u00e7\u00e3o, um barril acima de 100 d\u00f3lares empurrar\u00e1 para novas rodadas de licita\u00e7\u00e3o de petr\u00f3leo. Por outro lado, o incremento nas contas de consumo energ\u00e9tico por parte das fam\u00edlias obrigar\u00e1 os pa\u00edses da regi\u00e3o a aumentar os subs\u00eddios de energia, mas reagindo com maiores n\u00edveis de d\u00edvida p\u00fablica e fragilizando as j\u00e1 deterioradas finan\u00e7as p\u00fablicas ap\u00f3s a pandemia.<\/p>\n\n\n\n<p>Como outras regi\u00f5es em desenvolvimento, a \u201cesperan\u00e7a verde\u201d da Am\u00e9rica Latina associava-se \u00e0 chegada de fluxos de capital, e v\u00e1rios l\u00edderes voltaram de Glasgow convencidos do poder do mercado para acelerar a transi\u00e7\u00e3o. No entanto, este otimismo se diluiu diante de novas restri\u00e7\u00f5es globais que preveem uma economia mundial mais lenta e com maiores custos para os Governos. Haver\u00e1, portanto, menos excedente para investir nesta transi\u00e7\u00e3o energ\u00e9tica inevit\u00e1vel.<\/p>\n\n\n\n<p><em><sub>Francisco E. Casta\u00f1eda \u00e9 economista (Universidade do Chile), com PhD na Universidade de Loughborough (Reino Unido) e MSc na Universidade de Birmingham (Reino Unido). Seus interesses de pesquisa est\u00e3o na \u00e1rea de macrofinanciamento e pol\u00edtica industrial. Ele tamb\u00e9m \u00e9 membro do Comit\u00ea Cient\u00edfico de Economia P\u00fablica da Universidade CIRIEC-Liege.<\/sub><\/em><\/p>\n","protected":false},"excerpt":{"rendered":"<p>Co-autor Francisco E. Casta\u00f1eda<br \/>\nA &#8220;esperan\u00e7a verde&#8221; da Am\u00e9rica Latina foi associada \u00e0 chegada dos fluxos de capital, e v\u00e1rios l\u00edderes voltaram de Glasgow convencidos do poder do mercado para acelerar a transi\u00e7\u00e3o. No entanto, este otimismo foi dilu\u00eddo diante das novas restri\u00e7\u00f5es globais.<\/p>\n","protected":false},"author":213,"featured_media":9663,"comment_status":"closed","ping_status":"closed","sticky":false,"template":"","format":"standard","meta":{"_acf_changed":false,"episode_type":"","audio_file":"","cover_image":"","cover_image_id":"","duration":"","filesize":"","filesize_raw":"","date_recorded":"","explicit":"","block":"","itunes_episode_number":"","itunes_title":"","itunes_season_number":"","itunes_episode_type":"","footnotes":""},"categories":[16750,16750,16751,16751],"tags":[],"gps":[],"class_list":{"0":"post-9665","1":"post","2":"type-post","3":"status-publish","4":"format-standard","5":"has-post-thumbnail","7":"category-economia-pt-br","9":"category-medioambiente-pt-br"},"acf":[],"_links":{"self":[{"href":"https:\/\/latinoamerica21.com\/pt-br\/wp-json\/wp\/v2\/posts\/9665","targetHints":{"allow":["GET"]}}],"collection":[{"href":"https:\/\/latinoamerica21.com\/pt-br\/wp-json\/wp\/v2\/posts"}],"about":[{"href":"https:\/\/latinoamerica21.com\/pt-br\/wp-json\/wp\/v2\/types\/post"}],"author":[{"embeddable":true,"href":"https:\/\/latinoamerica21.com\/pt-br\/wp-json\/wp\/v2\/users\/213"}],"replies":[{"embeddable":true,"href":"https:\/\/latinoamerica21.com\/pt-br\/wp-json\/wp\/v2\/comments?post=9665"}],"version-history":[{"count":0,"href":"https:\/\/latinoamerica21.com\/pt-br\/wp-json\/wp\/v2\/posts\/9665\/revisions"}],"wp:featuredmedia":[{"embeddable":true,"href":"https:\/\/latinoamerica21.com\/pt-br\/wp-json\/wp\/v2\/media\/9663"}],"wp:attachment":[{"href":"https:\/\/latinoamerica21.com\/pt-br\/wp-json\/wp\/v2\/media?parent=9665"}],"wp:term":[{"taxonomy":"category","embeddable":true,"href":"https:\/\/latinoamerica21.com\/pt-br\/wp-json\/wp\/v2\/categories?post=9665"},{"taxonomy":"post_tag","embeddable":true,"href":"https:\/\/latinoamerica21.com\/pt-br\/wp-json\/wp\/v2\/tags?post=9665"},{"taxonomy":"gps","embeddable":true,"href":"https:\/\/latinoamerica21.com\/pt-br\/wp-json\/wp\/v2\/gps?post=9665"}],"curies":[{"name":"wp","href":"https:\/\/api.w.org\/{rel}","templated":true}]}}