{"id":9755,"date":"2022-04-11T09:00:00","date_gmt":"2022-04-11T12:00:00","guid":{"rendered":"https:\/\/latinoamerica21.com\/?p=9755"},"modified":"2022-04-11T06:37:36","modified_gmt":"2022-04-11T09:37:36","slug":"contradicoes-diante-das-mudancas-climaticas","status":"publish","type":"post","link":"https:\/\/latinoamerica21.com\/pt-br\/contradicoes-diante-das-mudancas-climaticas\/","title":{"rendered":"Contradi\u00e7\u00f5es diante das mudan\u00e7as clim\u00e1ticas"},"content":{"rendered":"\n<p>Ver\u00f5es de calor recorde. Chuvas intermin\u00e1veis arrasando cidades e vilarejos. Secas liquidando economias regionais e projetos familiares. Tempestades de granizo e furac\u00f5es fora de \u00e9poca ou de rota se tornaram n\u00e3o mais a exce\u00e7\u00e3o, mas a regra. N\u00e3o h\u00e1 d\u00favida que as mudan\u00e7as clim\u00e1ticas deixaram de ser um tema especulativo de cientistas para se tornar uma ocorr\u00eancia di\u00e1ria. O que n\u00e3o estava t\u00e3o claro \u00e9 que <a href=\"https:\/\/latinoamerica21.com\/br\/somos-uma-das-regioes-mais-ameacadas-pela-mudanca-climatica\/\" target=\"_blank\" rel=\"noreferrer noopener\">os latino-americanos s\u00e3o as pessoas mais preocupadas com o tema<\/a> no mundo.<\/p>\n\n\n\n<p>Um estudo da rede global de pesquisas WIN, em associa\u00e7\u00e3o com a consultoria Market Analysis, revela que sete em cada dez latino-americanos est\u00e3o totalmente de acordo que o aquecimento global \u00e9 uma amea\u00e7a s\u00e9ria para a humanidade. Apenas um punhado de pa\u00edses do sudeste asi\u00e1tico, frequente e duramente castigados por inunda\u00e7\u00f5es e desastres clim\u00e1ticos como Indon\u00e9sia, Vietn\u00e3 e Mal\u00e1sia registra maior preocupa\u00e7\u00e3o, mas como regi\u00e3o, a Am\u00e9rica Latina exibe um grau de alerta incompar\u00e1vel. Em contraste, apesar da abund\u00e2ncia de informa\u00e7\u00e3o e das recentes trag\u00e9dias, os europeus ou norte-americanos parecem menos alarmados.<\/p>\n\n\n\n<p>Se um consenso t\u00e3o vasto de opini\u00e3o p\u00fablica servisse para guiar as a\u00e7\u00f5es dos governos ou suas institui\u00e7\u00f5es de peso, seria esperado que nossa regi\u00e3o se tornasse o porta-voz e agente ativo nas negocia\u00e7\u00f5es clim\u00e1ticas e ver\u00edamos uma lideran\u00e7a n\u00edtida daqui a alguns meses, quando a pr\u00f3xima <a href=\"https:\/\/unfccc.int\/es\/node\/226622\" target=\"_blank\" rel=\"noreferrer noopener\">Confer\u00eancia da ONU sobre Mudan\u00e7a Clim\u00e1tica, a COP-27<\/a>, for realizada em novembro no Egito. Ser\u00e1 que veremos isso no futuro pr\u00f3ximo?&nbsp;&nbsp;<\/p>\n\n\n\n<p>Como tantas outras urg\u00eancias, da infla\u00e7\u00e3o \u00e0 criminalidade, da deteriora\u00e7\u00e3o educacional \u00e0 explos\u00e3o da depend\u00eancia de drogas, nossas sociedades s\u00e3o r\u00e1pidas em exibir suas preocupa\u00e7\u00f5es e lentas ou inconsistentes em reagir p\u00fablica e coletivamente para tentar remediar. N\u00e3o \u00e9 raro explicar essas brechas por desvios culturais que tendem a dramatizar exageradamente demasiados temas ao mesmo tempo e a amparar-se na transfer\u00eancia de responsabilidade para terceiros. Em outros casos, s\u00e3o frequentes as restri\u00e7\u00f5es \u00e0s liberdades ou direitos civis que impedem manifesta\u00e7\u00f5es (como sucedeu sob as ditaduras ou durante as duras quarentenas de 2020). Curiosamente, nenhuma dessas alternativas nos ajuda a entender o quadro atual.<\/p>\n\n\n\n<p>No caso da crise clim\u00e1tica, a ansiedade e a sensa\u00e7\u00e3o de emerg\u00eancia recorde dos latino-americanos s\u00e3o neutralizadas por um combo paralisante de otimismo inercial, auto-responsabiliza\u00e7\u00e3o individual exagerada e exculpa\u00e7\u00e3o de quem tem recursos e responsabilidades originais pelos fatores que geraram as mudan\u00e7as clim\u00e1ticas. Resultado: um ambiente de opini\u00e3o p\u00fablica que deixa tanto observadores quanto tomadores de decis\u00e3o perplexos e inertes, desencorajando a perspectiva de ver qualquer chefe de Estado latino-americano protagonizando algum ato dram\u00e1tico em favor das restri\u00e7\u00f5es de emiss\u00f5es.<\/p>\n\n\n\n<p><strong>Otimismo inercial<\/strong><\/p>\n\n\n\n<p>A ang\u00fastia desencadeada pela mudan\u00e7a clim\u00e1tica n\u00e3o gera necessariamente um pessimismo sobre o rumo de nossas sociedades. Ao contr\u00e1rio, os latino-americanos em geral, e os brasileiros em particular, se destacam como os mais otimistas a respeito da possibilidade de corrigir os problemas atuais. S\u00f3 25% no Brasil est\u00e3o total ou parcialmente de acordo que \u00e9 muito tarde para corrigir os cataclismos clim\u00e1ticos em curso, apesar das evid\u00eancias. Isto os coloca como o pa\u00eds em desenvolvimento mais otimista, superando inclusive os norte-americanos e seu naturalizado negacionismo clim\u00e1tica.<\/p>\n\n\n\n<p>Mexicanos, paraguaios, peruanos e colombianos tamb\u00e9m exibem maiorias que confiam em um final feliz sem muito argumento para defender esse ponto de vista, amparado em uma cren\u00e7a ing\u00eanua redentora na ci\u00eancia ou em a\u00e7\u00f5es empresariais, deflagrando \u2013 assim \u2013 o alarmismo gen\u00e9rico demonstrado com o tema.<\/p>\n\n\n\n<p>Este otimismo latente contrasta com o ceticismo das sociedades asi\u00e1ticas. Dois ter\u00e7os da \u00cdndia e 6 em cada 10 chineses e paquistaneses questionam abertamente a ideia de que \u00e9 s\u00f3 uma quest\u00e3o de tempo at\u00e9 que as solu\u00e7\u00f5es eliminem o problema. A desertifica\u00e7\u00e3o de seus solos, a contamina\u00e7\u00e3o e o desaparecimento de suas fontes de \u00e1gua, os dil\u00favios de mon\u00e7\u00f5es e a propaga\u00e7\u00e3o de pragas, fruto do calor excessivo, lembram a quase um ter\u00e7o da humanidade ali reunida que o otimismo \u00e9 a aus\u00eancia de informa\u00e7\u00e3o ou de experi\u00eancia brutal com os fatos.<\/p>\n\n\n\n<p><strong>Auto-responsabiliza\u00e7\u00e3o individualizada e exculpa\u00e7\u00e3o dos respons\u00e1veis<\/strong><\/p>\n\n\n\n<p>A fenomenal individualiza\u00e7\u00e3o das solu\u00e7\u00f5es para a mudan\u00e7a clim\u00e1tica (e a inoc\u00eancia parcial percebida de corpora\u00e7\u00f5es e governos) \u00e9 outro fator que desmotiva a mobiliza\u00e7\u00e3o p\u00fablica e coletiva ou a fiscaliza\u00e7\u00e3o e cobran\u00e7a de decis\u00f5es efetivas por parte dos l\u00edderes. Nove em cada dez brasileiros, mexicanos, peruanos, colombianos e paraguaios acreditam que suas a\u00e7\u00f5es pessoais podem fazer a diferen\u00e7a na qualidade ambiental. E 80% dos argentinos e chilenos pensam igual.<\/p>\n\n\n\n<p>Essas percep\u00e7\u00f5es est\u00e3o acima da m\u00e9dia dos pa\u00edses europeus ou norte-americanos, onde a legisla\u00e7\u00e3o e a infraestrutura organizacional permitem uma assertividade mais efetiva dos consumidores sobre empresas e governos para influenciar as a\u00e7\u00f5es respons\u00e1veis. Surpreende ainda mais na medida que 50% das emiss\u00f5es de gases de efeito estufa prov\u00eam dos 10% mais ricos da popula\u00e7\u00e3o mundial, o que basicamente exclui quase todos os latino-americanos.<\/p>\n\n\n\n<p>Se os cidad\u00e3os europeus ou norte-americanos, com seu impacto sideral no consumo, fossem l\u00edderes no reconhecimento de suas responsabilidades, isto soaria razo\u00e1vel. Um canadense emite 14 toneladas de CO2 por ano, um finland\u00eas 9,7, um ingl\u00eas ou um japon\u00eas entre 8,5 e 8,1, respectivamente. Mas o fato dos latino-americanos o fazerem (que emitem cerca de 3-3,5 toneladas de CO2 per capita por ano) nos diz outra coisa.<\/p>\n\n\n\n<p>Sem d\u00favida, uma sensa\u00e7\u00e3o de empoderamento ambiental ajuda a criar cidad\u00e3os mais comprometidos, mas tamb\u00e9m arrisca formar uma falsa consci\u00eancia de agentes de mudan\u00e7a, especialmente quando \u00e9 reduzida a pequenos atos cotidianos individuais e in\u00f3cuos. Principalmente se comparado ao efeito que as decis\u00f5es corporativas e estatais podem ter.<\/p>\n\n\n\n<p>Se \u00e9 verdade que, em m\u00e9dia, 60% das emiss\u00f5es que afetam o clima surgem do consumo residencial (o que tornaria os indiv\u00edduos em agentes de peso), s\u00e3o as decis\u00f5es de projeto dos produtos feitos por empresas e as fontes de energia usadas ou estimuladas por governos \u2013 ou a maneira de regular ou fomentar como se movimentar, consumir, viver, trabalhar ou estudar \u2013 que condicionam o impacto final dos indiv\u00edduos em sua gest\u00e3o do cotidiano.<\/p>\n\n\n\n<p>Entretanto, entre os habitantes da regi\u00e3o h\u00e1 uma maior inclina\u00e7\u00e3o para exculpar corpora\u00e7\u00f5es e Estados (que contam com recursos e influ\u00eancia para moldar a agenda p\u00fablica em grande escala), repassando a obriga\u00e7\u00e3o aos indiv\u00edduos. Quase 1\/3 dos latino-americanos n\u00e3o acreditam que o principal esfor\u00e7o em prol da sustentabilidade e do meio ambiente deva vir de empresas ou governos, mas de indiv\u00edduos. Entre os indiv\u00edduos de classe m\u00e9dia e m\u00e9dia baixa no Brasil, isto \u00e9 40%. J\u00e1 na Europa, \u00c1frica ou \u00c1sia, esta cren\u00e7a \u00e9 compartilhada por um quarto dos indiv\u00edduos, no m\u00e1ximo.<\/p>\n\n\n\n<p>Com estas ambiguidades, a agenda p\u00fablica regional deixa espa\u00e7o para esvaziar o debate ambiental coreografando-o com ret\u00f3ricas t\u00e3o alarmistas quanto carentes de planos executivos. Dados os custos pol\u00edticos e financeiros de frear o consumo, mitigar o impacto de nossos estilos de vida, investir em tecnologias verdes e mudar os h\u00e1bitos para neutralizar a crise clim\u00e1tica, ser\u00e1 dif\u00edcil que algum l\u00edder regional n\u00e3o veja neste otimismo inercial, personaliza\u00e7\u00e3o da responsabilidade e inoc\u00eancia parcial de governos e corpora\u00e7\u00f5es, uma oportunidade para ocupar dramaticamente o cen\u00e1rio, mas sem tomar decis\u00f5es que modifiquem o rumo do problema.<\/p>\n\n\n\n<p><em><sub>*Tradu\u00e7\u00e3o do espanhol por Maria Isabel Santos Lima<\/sub><\/em><\/p>\n","protected":false},"excerpt":{"rendered":"<p>Sete em cada dez latino-americanos consideram o aquecimento global como uma s\u00e9ria amea\u00e7a \u00e0 humanidade, mas culpam a si mesmos pela degrada\u00e7\u00e3o ao mesmo tempo em que desculpam aqueles que t\u00eam recursos e s\u00e3o realmente respons\u00e1veis. <\/p>\n","protected":false},"author":90,"featured_media":9749,"comment_status":"closed","ping_status":"closed","sticky":false,"template":"","format":"standard","meta":{"_acf_changed":false,"episode_type":"","audio_file":"","cover_image":"","cover_image_id":"","duration":"","filesize":"","filesize_raw":"","date_recorded":"","explicit":"","block":"","itunes_episode_number":"","itunes_title":"","itunes_season_number":"","itunes_episode_type":"","footnotes":""},"categories":[16947,546],"tags":[],"gps":[],"class_list":{"0":"post-9755","1":"post","2":"type-post","3":"status-publish","4":"format-standard","5":"has-post-thumbnail","7":"category-internet-es-pt-br","8":"category-sociedad-br"},"acf":[],"_links":{"self":[{"href":"https:\/\/latinoamerica21.com\/pt-br\/wp-json\/wp\/v2\/posts\/9755","targetHints":{"allow":["GET"]}}],"collection":[{"href":"https:\/\/latinoamerica21.com\/pt-br\/wp-json\/wp\/v2\/posts"}],"about":[{"href":"https:\/\/latinoamerica21.com\/pt-br\/wp-json\/wp\/v2\/types\/post"}],"author":[{"embeddable":true,"href":"https:\/\/latinoamerica21.com\/pt-br\/wp-json\/wp\/v2\/users\/90"}],"replies":[{"embeddable":true,"href":"https:\/\/latinoamerica21.com\/pt-br\/wp-json\/wp\/v2\/comments?post=9755"}],"version-history":[{"count":0,"href":"https:\/\/latinoamerica21.com\/pt-br\/wp-json\/wp\/v2\/posts\/9755\/revisions"}],"wp:featuredmedia":[{"embeddable":true,"href":"https:\/\/latinoamerica21.com\/pt-br\/wp-json\/wp\/v2\/media\/9749"}],"wp:attachment":[{"href":"https:\/\/latinoamerica21.com\/pt-br\/wp-json\/wp\/v2\/media?parent=9755"}],"wp:term":[{"taxonomy":"category","embeddable":true,"href":"https:\/\/latinoamerica21.com\/pt-br\/wp-json\/wp\/v2\/categories?post=9755"},{"taxonomy":"post_tag","embeddable":true,"href":"https:\/\/latinoamerica21.com\/pt-br\/wp-json\/wp\/v2\/tags?post=9755"},{"taxonomy":"gps","embeddable":true,"href":"https:\/\/latinoamerica21.com\/pt-br\/wp-json\/wp\/v2\/gps?post=9755"}],"curies":[{"name":"wp","href":"https:\/\/api.w.org\/{rel}","templated":true}]}}