{"id":9999,"date":"2022-04-28T09:00:00","date_gmt":"2022-04-28T12:00:00","guid":{"rendered":"https:\/\/latinoamerica21.com\/?p=9999"},"modified":"2022-04-27T13:49:37","modified_gmt":"2022-04-27T16:49:37","slug":"a-lideranca-efemera","status":"publish","type":"post","link":"https:\/\/latinoamerica21.com\/pt-br\/a-lideranca-efemera\/","title":{"rendered":"A lideran\u00e7a ef\u00eamera"},"content":{"rendered":"\n<p>O ritmo com que <a href=\"https:\/\/latinoamerica21.com\/br\/politica-um-oficio\/\" target=\"_blank\" rel=\"noreferrer noopener\">a atividade pol\u00edtica tende a devorar aqueles que se dedicam a ela <\/a>\u00e9 um assunto sobre o qual se tem menos dados do que deveria.\u00a0 Embora a aten\u00e7\u00e3o esteja frequentemente centrada naqueles que ocupam os cargos de maior proemin\u00eancia, o fato de que milhares de pessoas dedicadas \u00e0 pol\u00edtica serem objeto de pouca aten\u00e7\u00e3o contribui para n\u00e3o ter uma ideia s\u00f3lida da dura\u00e7\u00e3o de uma carreira pol\u00edtica nem de suas caracter\u00edsticas.\u00a0<\/p>\n\n\n\n<p>Poucas vezes, no entanto, os acontecimentos permitem-nos refletir sobre o assunto para articular uma pequena agenda de investiga\u00e7\u00e3o. <a href=\"https:\/\/www.elcorreo.com\/politica\/nueva-politica-devora-lideres-20220405172238-ntrc.html\" target=\"_blank\" rel=\"noreferrer noopener\">Aconteceu na Espanha nos \u00faltimos dois anos e meio<\/a> no seio da lideran\u00e7a de tr\u00eas forma\u00e7\u00f5es estatais que ocupam a direita, o centro e a esquerda do espectro pol\u00edtico tem certo interesse a este respeito e pode servir de guia orientador para entender a pol\u00edtica atual na Am\u00e9rica Latina, onde n\u00e3o \u00e9 dif\u00edcil encontrar casos semelhantes.<\/p>\n\n\n\n<p>Trata-se de tr\u00eas homens nascidos em um intervalo de tr\u00eas anos em Madrid, Barcelona e Palencia, com estudos universit\u00e1rios em direito e ci\u00eancia pol\u00edtica. Dois deles entraram na pol\u00edtica profissional com a mesma idade de 26 anos e o terceiro com 36, embora o seu ativismo pol\u00edtico no \u00e2mbito da comunica\u00e7\u00e3o e da consultoria tenha come\u00e7ado a se desenvolver uma d\u00e9cada antes.&nbsp;<\/p>\n\n\n\n<p>Enquanto dois deles come\u00e7aram as suas carreiras no quadro regional, o outro o fez no quadro europeu, coincidiram nas Cortes, alcan\u00e7aram a lideran\u00e7a de suas respectivas forma\u00e7\u00f5es em uma idade tamb\u00e9m muito similar e deixaram a pol\u00edtica tamb\u00e9m entre novembro de 2019 e abril de 2022, n\u00e3o chegando a atingir nenhum deles a idade de 43 anos.&nbsp;<\/p>\n\n\n\n<p>Em suas vidas pessoais foram pais, um de tr\u00eas filhos e dois de dois filhos. A sa\u00edda da pol\u00edtica, para aqueles que n\u00e3o tinham um trabalho fixo pr\u00e9vio, lhes permitiu mobilizar seu capital pol\u00edtico acumulado para voltar a desempenhar-se profissionalmente no campo da comunica\u00e7\u00e3o e da investiga\u00e7\u00e3o ou para trabalhar durante menos de dois anos num escrit\u00f3rio de advogados com escassos resultados profissionais.<\/p>\n\n\n\n<p>Pablo Iglesias Turri\u00f3n (Madrid, 1978), fundador e l\u00edder da Podemos, \u00e9 advogado e cientista pol\u00edtico com um doutorado. Foi professor na Faculdade de Ci\u00eancias Pol\u00edticas e Sociologia da Universidade Complutense de Madrid entre 2003 e 2014, trabalhando simultaneamente com comunica\u00e7\u00e3o (TV e imprensa) e consultoria. Foi deputado europeu durante um ano a partir de 2014, quando entrou formalmente na arena pol\u00edtica, e deputado do parlamento espanhol entre 2015 e 2021. Deixou a pol\u00edtica em maio do \u00faltimo ano ap\u00f3s obter resultados eleitorais insatisfat\u00f3rios nas elei\u00e7\u00f5es regionais de Madrid em que se tinha candidatado, demitindo-se de uma das vice-presid\u00eancias do governo da Espanha.&nbsp;<\/p>\n\n\n\n<p>Albert Rivera (Barcelona, 1979), fundador e l\u00edder da Ciudadanos. \u00c9 advogado e trabalhou numa institui\u00e7\u00e3o financeira (La Caixa) entre 2002 e 2006. Foi&nbsp; deputado do Parlamento da Catalunha entre 2006 e 2015 e nas Cortes entre 2015 e 2019. Deixou a pol\u00edtica em novembro deste ano ap\u00f3s o fracasso eleitoral do seu partido.&nbsp;<\/p>\n\n\n\n<p>Pablo Casado (Palencia, 1981) \u00e9 advogado e foi deputado na Assembleia de Madrid entre 2007 e 2009. Ocupou um cargo de confian\u00e7a entre 2009 e 2011 e foi deputado nas Cortes de 2011 a 2022. Foi l\u00edder nacional do Partido Popular durante 32 meses e deixou a pol\u00edtica em abril de 2022 como consequ\u00eancia de uma crise interna no seu partido.<\/p>\n\n\n\n<p>Tr\u00eas personagens que, ap\u00f3s uma carreira pol\u00edtica de, em m\u00e9dia, quinze anos, deixaram de ter a not\u00e1vel influ\u00eancia de que gozaram em uma etapa da pol\u00edtica espanhola que come\u00e7ou na crise financeira de 2007. A profissionaliza\u00e7\u00e3o pol\u00edtica dos tr\u00eas foi uma consequ\u00eancia direta da crise e as suas carreiras culminaram com a turbul\u00eancia desencadeada pela pandemia. Outros pa\u00edses latino-americanos podem mostrar cen\u00e1rios n\u00e3o muito diferentes.<\/p>\n\n\n\n<p>Assim, \u00e9 poss\u00edvel que o Chile se encontre hoje em um caminho semelhante, como consequ\u00eancia da renova\u00e7\u00e3o pol\u00edtica registrada no pa\u00eds ap\u00f3s as \u00faltimas elei\u00e7\u00f5es no final de 2021, com as que, em certa medida, se culminava um processo iniciado dez anos antes. A mudan\u00e7a se produziu em distintos \u00e2mbitos ideol\u00f3gicos do espectro pol\u00edtico, mas se observarmos para o terreno governamental, Camila Vallejo, a atual Secret\u00e1ria Geral do Governo prestes a completar 34 anos, oferece pistas interessantes.&nbsp;<\/p>\n\n\n\n<p>Em algumas declara\u00e7\u00f5es recentes realizadas ao peri\u00f3dico La Tercera, com respeito ao grupo geracional no qual est\u00e1 integrada, a pol\u00edtica salientava que &#8220;uma das coisas mais importantes que temos, como experi\u00eancia pol\u00edtica, \u00e9 que fomos formados na luta de rua estudantil&#8221;.&nbsp;<\/p>\n\n\n\n<p>Numa dimens\u00e3o ideol\u00f3gica oposta, na vizinha Argentina, Javier Milei, um economista provocador, comunicador e analista, levanta a sua voz messi\u00e2nica desde o Congresso Nacional para o qual foi eleito deputado em 2021 e prepara o seu individual ataque \u00e0 Casa Rosada para 2023. Apenas tem mais bagagem que seu febril credo libert\u00e1rio, o confronto com a casta no poder e a busca de uma sintonia eleitoral num pa\u00eds duramente atingido pela sua m\u00e1 situa\u00e7\u00e3o econ\u00f4mica e seu desesperado clima de desigualdade social.<\/p>\n\n\n\n<p>Lideran\u00e7as \u00e0 merc\u00ea da conjuntura, da fortuna e da era l\u00edquida em que se inserem.<\/p>\n","protected":false},"excerpt":{"rendered":"<p>O ritmo no qual a atividade pol\u00edtica tende a devorar aqueles que nela se engajam \u00e9 uma quest\u00e3o sobre a qual h\u00e1 menos dados do que deveria haver.<\/p>\n","protected":false},"author":45,"featured_media":9994,"comment_status":"closed","ping_status":"closed","sticky":false,"template":"","format":"standard","meta":{"_acf_changed":false,"episode_type":"","audio_file":"","cover_image":"","cover_image_id":"","duration":"","filesize":"","filesize_raw":"","date_recorded":"","explicit":"","block":"","itunes_episode_number":"","itunes_title":"","itunes_season_number":"","itunes_episode_type":"","footnotes":""},"categories":[16947,544],"tags":[],"gps":[],"class_list":{"0":"post-9999","1":"post","2":"type-post","3":"status-publish","4":"format-standard","5":"has-post-thumbnail","7":"category-internet-es-pt-br","8":"category-politica-br"},"acf":[],"_links":{"self":[{"href":"https:\/\/latinoamerica21.com\/pt-br\/wp-json\/wp\/v2\/posts\/9999","targetHints":{"allow":["GET"]}}],"collection":[{"href":"https:\/\/latinoamerica21.com\/pt-br\/wp-json\/wp\/v2\/posts"}],"about":[{"href":"https:\/\/latinoamerica21.com\/pt-br\/wp-json\/wp\/v2\/types\/post"}],"author":[{"embeddable":true,"href":"https:\/\/latinoamerica21.com\/pt-br\/wp-json\/wp\/v2\/users\/45"}],"replies":[{"embeddable":true,"href":"https:\/\/latinoamerica21.com\/pt-br\/wp-json\/wp\/v2\/comments?post=9999"}],"version-history":[{"count":0,"href":"https:\/\/latinoamerica21.com\/pt-br\/wp-json\/wp\/v2\/posts\/9999\/revisions"}],"wp:featuredmedia":[{"embeddable":true,"href":"https:\/\/latinoamerica21.com\/pt-br\/wp-json\/wp\/v2\/media\/9994"}],"wp:attachment":[{"href":"https:\/\/latinoamerica21.com\/pt-br\/wp-json\/wp\/v2\/media?parent=9999"}],"wp:term":[{"taxonomy":"category","embeddable":true,"href":"https:\/\/latinoamerica21.com\/pt-br\/wp-json\/wp\/v2\/categories?post=9999"},{"taxonomy":"post_tag","embeddable":true,"href":"https:\/\/latinoamerica21.com\/pt-br\/wp-json\/wp\/v2\/tags?post=9999"},{"taxonomy":"gps","embeddable":true,"href":"https:\/\/latinoamerica21.com\/pt-br\/wp-json\/wp\/v2\/gps?post=9999"}],"curies":[{"name":"wp","href":"https:\/\/api.w.org\/{rel}","templated":true}]}}