{"id":199,"name":"Mohammed ElHajji","url":"","description":"Profesor titular y Doctor en Comunicaci\u00f3n y Cultura de la Univ. Federal de R\u00edo de Janeiro (UFRJ), con postdoctorado en UNISINOS (Medios de Comunicaci\u00f3n y Migraciones). Especializado en migraciones transnacionales, identidad, cultura, etnicidad y alteridad.","link":"https:\/\/latinoamerica21.com\/pt-br\/autor\/mohammed-elhajji\/","slug":"mohammed-elhajji","meta":[],"acf":[],"simple_local_avatar":{"media_id":52098,"full":"https:\/\/latinoamerica21.com\/wp-content\/uploads\/2025\/10\/Mohammed-ElHajji.jpg","blog_id":1,"500":"https:\/\/latinoamerica21.com\/wp-content\/uploads\/2025\/10\/Mohammed-ElHajji.jpg","150":"https:\/\/latinoamerica21.com\/wp-content\/uploads\/2025\/10\/Mohammed-ElHajji-150x150.jpg","96":"https:\/\/latinoamerica21.com\/wp-content\/uploads\/2025\/10\/Mohammed-ElHajji-96x96.jpg"},"_links":{"self":[{"href":"https:\/\/latinoamerica21.com\/pt-br\/wp-json\/wp\/v2\/users\/199","targetHints":{"allow":["GET"]}}],"collection":[{"href":"https:\/\/latinoamerica21.com\/pt-br\/wp-json\/wp\/v2\/users"}]}}