{"id":865,"name":"Suy\u00e1 Quintslr","url":"","description":"Doctora en Planificaci\u00f3n Urbana y Regional. Profesora de la Universidad Federal de R\u00edo de Janeiro.\r\n\r\n&nbsp;","link":"https:\/\/latinoamerica21.com\/pt-br\/autor\/suya-quintslr\/","slug":"suya-quintslr","meta":[],"acf":[],"simple_local_avatar":null,"_links":{"self":[{"href":"https:\/\/latinoamerica21.com\/pt-br\/wp-json\/wp\/v2\/users\/865","targetHints":{"allow":["GET"]}}],"collection":[{"href":"https:\/\/latinoamerica21.com\/pt-br\/wp-json\/wp\/v2\/users"}]}}